{"id":891,"date":"2019-12-11T10:46:56","date_gmt":"2019-12-11T13:46:56","guid":{"rendered":"http:\/\/uniodontocampinas.com.br\/?post_type=blog&#038;p=702"},"modified":"2022-10-17T11:19:58","modified_gmt":"2022-10-17T14:19:58","slug":"por-que-os-dentes-ficam-amarelos","status":"publish","type":"post","link":"https:\/\/www.uniodontocampinas.com.br\/site\/por-que-os-dentes-ficam-amarelos\/","title":{"rendered":"Por que os dentes ficam amarelos?"},"content":{"rendered":"\n<p>Apesar de n\u00e3o ser sinal de uma doen\u00e7a s\u00e9ria, o amarelamento dos dentes causa desconforto e diminui a vontade de sorrir. O cigarro e o caf\u00e9 s\u00e3o considerados grandes vil\u00f5es, mas nem sempre eles s\u00e3o os \u00fanicos culpados desse problema.&nbsp;<\/p>\n\n\n\n<p>Existem diversos fatores que podem deixar os dentes amarelos. Por isso, \u00e9 importante conhec\u00ea-los para saber como evitar ou limitar a exposi\u00e7\u00e3o a essas causas. Confira o que pode causar dentes amarelos e saiba como proteger o seu sorriso:&nbsp;<\/p>\n\n\n\n<h2 class=\"wp-block-heading\"><strong>Cigarro<\/strong><\/h2>\n\n\n\n<p>Possui subst\u00e2ncias t\u00f3xicas, como o tabaco, que causam o escurecimento e desgaste dos dentes. Quanto mais tempo e cigarros a pessoa fuma, mais amarelados eles ficam. Esse \u00e9 mais um motivo para abandonar esse mau h\u00e1bito.&nbsp;<\/p>\n\n\n\n<h2 class=\"wp-block-heading\"><strong>H\u00e1bitos alimentares<\/strong><\/h2>\n\n\n\n<p>Alimentos e bebidas com corantes, como os industrializados, favorecem o amarelamento. Quanto maior a ingest\u00e3o, mais amarelos ficam os dentes. Por isso, alimentos como o caf\u00e9, ch\u00e1 mate, refrigerante, vinho, suco de laranja e a\u00e7a\u00ed devem ser consumidos com modera\u00e7\u00e3o.<\/p>\n\n\n\n<h2 class=\"wp-block-heading\"><strong>Higiene bucal<\/strong><\/h2>\n\n\n\n<p>Escova de dentes, fio dental e enxaguante bucal s\u00e3o seus aliados para impedir o amarelamento do seu sorriso. Eles s\u00e3o respons\u00e1veis por remover o ac\u00famulo de placa e de t\u00e1rtaro, que atacam o esmalte dos dentes e podem acelerar a descolora\u00e7\u00e3o.<\/p>\n\n\n\n<h2 class=\"wp-block-heading\"><strong>Medicamentos<\/strong><\/h2>\n\n\n\n<p>No caso das crian\u00e7as menores de oito anos, os antibi\u00f3ticos doxiciclina e tetraciclina podem provocar uma altera\u00e7\u00e3o durante a forma\u00e7\u00e3o do dente. Em adultos, alguns anti-histam\u00ednicos, anti-hipertensivos e antipsic\u00f3ticos tamb\u00e9m mancham os dentes. Consulte na bula dos medicamentos os poss\u00edveis efeitos colaterais e sempre converse com seu m\u00e9dico e seu dentista.<\/p>\n\n\n\n<h2 class=\"wp-block-heading\"><strong>Predisposi\u00e7\u00e3o gen\u00e9tica<\/strong><\/h2>\n\n\n\n<p>A cor dos nossos dentes \u00e9 herdada geneticamente. Logo, se seus pais possuem dentes amarelos, existe a possibilidade de os seus terem uma tonalidade parecida. Algumas doen\u00e7as cong\u00eanitas podem fazer com que os dentes nas\u00e7am com uma cor amarelada e altera\u00e7\u00f5es na tireoide tamb\u00e9m podem influenciar na cor dos dentes.&nbsp;<\/p>\n\n\n\n<h2 class=\"wp-block-heading\"><strong>Envelhecimento<\/strong><\/h2>\n\n\n\n<p>Com a idade, a tend\u00eancia \u00e9 que os dentes fiquem amarelados devido ao desgaste do esmalte e \u00e0 ingest\u00e3o de alimentos com corante.&nbsp;<\/p>\n\n\n\n<p>Nunca realize tratamentos caseiros para branquear os seus dentes. O mais indicado \u00e9 buscar ajuda profissional consultando um dentista.<\/p>\n\n\n<figure class=\"wp-block-image\"><a href=\"https:\/\/materiais.uniodontocampinasonline.com.br\/guia-saude-bucal\" target=\"_blank\" rel=\"noreferrer noopener nofollow\"><img fetchpriority=\"high\" decoding=\"async\" class=\"alignnone wp-image-1208\" src=\"https:\/\/uniodontocampinas.com.br\/site\/wp-content\/uploads\/2020\/03\/20135_banners-blogpost_1.png\" alt=\"\" width=\"832\" height=\"126\" srcset=\"https:\/\/www.uniodontocampinas.com.br\/site\/wp-content\/uploads\/2020\/03\/20135_banners-blogpost_1.png 832w, https:\/\/www.uniodontocampinas.com.br\/site\/wp-content\/uploads\/2020\/03\/20135_banners-blogpost_1-300x45.png 300w, https:\/\/www.uniodontocampinas.com.br\/site\/wp-content\/uploads\/2020\/03\/20135_banners-blogpost_1-768x116.png 768w\" sizes=\"(max-width: 832px) 100vw, 832px\" \/><\/a><\/figure>","protected":false},"excerpt":{"rendered":"<p>Apesar de n\u00e3o ser sinal de uma doen\u00e7a s\u00e9ria, o amarelamento dos dentes causa desconforto e diminui a vontade de sorrir. O cigarro e o caf\u00e9 s\u00e3o considerados&#8230;<\/p>\n","protected":false},"author":1,"featured_media":913,"comment_status":"open","ping_status":"closed","sticky":false,"template":"","format":"standard","meta":{"_acf_changed":false,"inline_featured_image":false,"footnotes":""},"categories":[17],"tags":[130],"class_list":["post-891","post","type-post","status-publish","format-standard","has-post-thumbnail","hentry","category-problemas-bucais","tag-dentes-amarelos"],"acf":[],"_links":{"self":[{"href":"https:\/\/www.uniodontocampinas.com.br\/site\/wp-json\/wp\/v2\/posts\/891","targetHints":{"allow":["GET"]}}],"collection":[{"href":"https:\/\/www.uniodontocampinas.com.br\/site\/wp-json\/wp\/v2\/posts"}],"about":[{"href":"https:\/\/www.uniodontocampinas.com.br\/site\/wp-json\/wp\/v2\/types\/post"}],"author":[{"embeddable":true,"href":"https:\/\/www.uniodontocampinas.com.br\/site\/wp-json\/wp\/v2\/users\/1"}],"replies":[{"embeddable":true,"href":"https:\/\/www.uniodontocampinas.com.br\/site\/wp-json\/wp\/v2\/comments?post=891"}],"version-history":[{"count":0,"href":"https:\/\/www.uniodontocampinas.com.br\/site\/wp-json\/wp\/v2\/posts\/891\/revisions"}],"wp:featuredmedia":[{"embeddable":true,"href":"https:\/\/www.uniodontocampinas.com.br\/site\/wp-json\/wp\/v2\/media\/913"}],"wp:attachment":[{"href":"https:\/\/www.uniodontocampinas.com.br\/site\/wp-json\/wp\/v2\/media?parent=891"}],"wp:term":[{"taxonomy":"category","embeddable":true,"href":"https:\/\/www.uniodontocampinas.com.br\/site\/wp-json\/wp\/v2\/categories?post=891"},{"taxonomy":"post_tag","embeddable":true,"href":"https:\/\/www.uniodontocampinas.com.br\/site\/wp-json\/wp\/v2\/tags?post=891"}],"curies":[{"name":"wp","href":"https:\/\/api.w.org\/{rel}","templated":true}]}}