{"id":879,"date":"2019-08-07T09:51:13","date_gmt":"2019-08-07T12:51:13","guid":{"rendered":"http:\/\/uniodontocampinas.com.br\/?post_type=blog&#038;p=599"},"modified":"2022-10-17T11:23:44","modified_gmt":"2022-10-17T14:23:44","slug":"por-que-tenho-mau-halito-mitos-e-verdades","status":"publish","type":"post","link":"https:\/\/www.uniodontocampinas.com.br\/site\/por-que-tenho-mau-halito-mitos-e-verdades\/","title":{"rendered":"Por que tenho mau h\u00e1lito? Mitos e verdades"},"content":{"rendered":"\n<p>Voc\u00ea sofre ou j\u00e1 sofreu de halitose? N\u00e3o reconhece a palavra? Voc\u00ea deve conhec\u00ea-la por outro nome: mau h\u00e1lito. Um problema que traz desconforto para quem tem e pode, inclusive, interferir nas rela\u00e7\u00f5es sociais, pois a pessoa passa a ter vergonha de conversar com os outros por causa do cheiro desagrad\u00e1vel.<\/p>\n\n\n\n<p>Afinal, por que algumas pessoas t\u00eam mau h\u00e1lito? Quais s\u00e3o os mitos e verdades a respeito da halitose? Uma das principais causas \u00e9 o ac\u00famulo de bact\u00e9rias na boca, mas outros fatores podem influenciar. Dependendo de sua causa, pode at\u00e9 originar doen\u00e7as bucais, como periodontite. Acompanhe as dicas e veja se voc\u00ea identifica alguma destas situa\u00e7\u00f5es:<\/p>\n\n\n\n<h2 class=\"wp-block-heading\"><strong>Mau h\u00e1lito ao acordar<\/strong><\/h2>\n\n\n\n<p>\u00c9 normal, desde que n\u00e3o persista ao longo do dia. O mau h\u00e1lito matinal ocorre porque o fluxo de saliva diminui ap\u00f3s longas horas de sono e isso favorece a prolifera\u00e7\u00e3o de bact\u00e9rias. Essas, por sua vez, v\u00e3o agir na degrada\u00e7\u00e3o de poss\u00edveis restos de comida e c\u00e9lulas. A\u00ed \u00e9 formada uma crosta branca, chamada saburra lingual, respons\u00e1vel pelo mau h\u00e1lito. Uma higiene bucal caprichada antes de dormir minimiza o problema.<\/p>\n\n\n\n<h2 class=\"wp-block-heading\"><strong>Alimentos causam mau h\u00e1lito?<\/strong><\/h2>\n\n\n\n<p>Alguns, sim. \u00c9 o caso da cebola e do alho. Eles cont\u00eam componentes que s\u00e3o absorvidos e caem na corrente sangu\u00ednea, de onde s\u00e3o transferidos para os pulm\u00f5es. Como voc\u00ea pode imaginar, a respira\u00e7\u00e3o vai carregar um cheiro caracter\u00edstico que pode ser desagrad\u00e1vel. At\u00e9 que o alimento seja eliminado do corpo, o odor vai permanecer. Escovar os dentes e mascar gomas sem a\u00e7\u00facar disfar\u00e7am o problema temporariamente.<\/p>\n\n\n\n<h2 class=\"wp-block-heading\"><strong>Outras causas do mau h\u00e1lito<\/strong><\/h2>\n\n\n\n<p>Em menor propor\u00e7\u00e3o, o mau h\u00e1lito pode estar associado a doen\u00e7as. Uma sinusite faz com que o muco acumulado na garganta provoque o odor. Problemas g\u00e1stricos, como refluxo, tamb\u00e9m influenciam. A comida digerida tende a voltar para a boca, principalmente \u00e0 noite, quando a a\u00e7\u00e3o \u00e9 favorecida pelo fato de o corpo ficar na horizontal. A\u00ed esses restinhos ficam na garganta e bom&#8230; voc\u00ea j\u00e1 sabe o que acontece, n\u00e3o \u00e9?<\/p>\n\n\n\n<h2 class=\"wp-block-heading\"><strong>Tenho mau h\u00e1lito. E agora?<\/strong><\/h2>\n\n\n\n<p>Como falamos no in\u00edcio do texto, o ac\u00famulo de bact\u00e9rias \u00e9 a principal causa do mau h\u00e1lito e a falta de higiene bucal \u00e9 respons\u00e1vel por isso. As placas bacterianas ficam acumuladas quando voc\u00ea n\u00e3o escova os dentes adequadamente ap\u00f3s as refei\u00e7\u00f5es e as bact\u00e9rias se proliferam tanto rente \u00e0 gengiva quanto na l\u00edngua. E isso pode evoluir para um quadro mais s\u00e9rio, de periodontite.<\/p>\n\n\n\n<p>Identificou que tem problemas com mau h\u00e1lito? Veja<a href=\"https:\/\/uniodontocampinas.com.br\/blog\/o-que-voce-pode-fazer-para-se-livrar-do-mau-halito\/\"> o que voc\u00ea pode fazer para se livrar desse problema<\/a>.<\/p>\n\n\n\n<figure class=\"wp-block-image\"><a href=\"https:\/\/materiais.uniodontocampinasonline.com.br\/guia-saude-bucal\" target=\"_blank\" rel=\"noreferrer noopener nofollow\"><img fetchpriority=\"high\" decoding=\"async\" width=\"832\" height=\"126\" src=\"https:\/\/uniodontocampinas.com.br\/site\/wp-content\/uploads\/2020\/03\/20135_banners-blogpost_1.png\" alt=\"\" class=\"wp-image-1208\" srcset=\"https:\/\/www.uniodontocampinas.com.br\/site\/wp-content\/uploads\/2020\/03\/20135_banners-blogpost_1.png 832w, https:\/\/www.uniodontocampinas.com.br\/site\/wp-content\/uploads\/2020\/03\/20135_banners-blogpost_1-300x45.png 300w, https:\/\/www.uniodontocampinas.com.br\/site\/wp-content\/uploads\/2020\/03\/20135_banners-blogpost_1-768x116.png 768w\" sizes=\"(max-width: 832px) 100vw, 832px\" \/><\/a><\/figure>\n","protected":false},"excerpt":{"rendered":"<p>Voc\u00ea sofre ou j\u00e1 sofreu de halitose? N\u00e3o reconhece a palavra? Voc\u00ea deve conhec\u00ea-la por outro nome: mau h\u00e1lito. Um problema que traz desconforto para quem tem e pode&#8230;<\/p>\n","protected":false},"author":1,"featured_media":935,"comment_status":"open","ping_status":"closed","sticky":false,"template":"","format":"standard","meta":{"_acf_changed":false,"inline_featured_image":false,"footnotes":""},"categories":[17],"tags":[115],"class_list":["post-879","post","type-post","status-publish","format-standard","has-post-thumbnail","hentry","category-problemas-bucais","tag-mau-halito"],"acf":[],"_links":{"self":[{"href":"https:\/\/www.uniodontocampinas.com.br\/site\/wp-json\/wp\/v2\/posts\/879","targetHints":{"allow":["GET"]}}],"collection":[{"href":"https:\/\/www.uniodontocampinas.com.br\/site\/wp-json\/wp\/v2\/posts"}],"about":[{"href":"https:\/\/www.uniodontocampinas.com.br\/site\/wp-json\/wp\/v2\/types\/post"}],"author":[{"embeddable":true,"href":"https:\/\/www.uniodontocampinas.com.br\/site\/wp-json\/wp\/v2\/users\/1"}],"replies":[{"embeddable":true,"href":"https:\/\/www.uniodontocampinas.com.br\/site\/wp-json\/wp\/v2\/comments?post=879"}],"version-history":[{"count":0,"href":"https:\/\/www.uniodontocampinas.com.br\/site\/wp-json\/wp\/v2\/posts\/879\/revisions"}],"wp:featuredmedia":[{"embeddable":true,"href":"https:\/\/www.uniodontocampinas.com.br\/site\/wp-json\/wp\/v2\/media\/935"}],"wp:attachment":[{"href":"https:\/\/www.uniodontocampinas.com.br\/site\/wp-json\/wp\/v2\/media?parent=879"}],"wp:term":[{"taxonomy":"category","embeddable":true,"href":"https:\/\/www.uniodontocampinas.com.br\/site\/wp-json\/wp\/v2\/categories?post=879"},{"taxonomy":"post_tag","embeddable":true,"href":"https:\/\/www.uniodontocampinas.com.br\/site\/wp-json\/wp\/v2\/tags?post=879"}],"curies":[{"name":"wp","href":"https:\/\/api.w.org\/{rel}","templated":true}]}}