{"id":874,"date":"2019-06-19T09:46:59","date_gmt":"2019-06-19T12:46:59","guid":{"rendered":"http:\/\/uniodontocampinas.com.br\/?post_type=blog&#038;p=573"},"modified":"2022-10-14T17:21:34","modified_gmt":"2022-10-14T20:21:34","slug":"5-sinais-que-podem-indicar-problemas-na-gengiva","status":"publish","type":"post","link":"https:\/\/www.uniodontocampinas.com.br\/site\/5-sinais-que-podem-indicar-problemas-na-gengiva\/","title":{"rendered":"5 sinais que podem indicar problemas na gengiva"},"content":{"rendered":"\n<p>Desde pequenos somos incentivados pelo dentista e por familiares a cuidar dos nossos dentes: escov\u00e1-los ap\u00f3s as refei\u00e7\u00f5es, evitar comer alimentos com muito a\u00e7\u00facar e visitar um profissional de odontologia regularmente. Mas, para ter uma boca saud\u00e1vel, tamb\u00e9m \u00e9 importante dar aten\u00e7\u00e3o \u00e0 gengiva. Afinal, problemas gengivais podem trazer outras consequ\u00eancias para toda a estrutura dental. Fique atento se voc\u00ea observar ao menos um dos sinais que vamos descrever neste artigo.<\/p>\n\n\n\n<h2 class=\"wp-block-heading\"><strong>Sangramento na gengiva<\/strong><\/h2>\n\n\n\n<p>A gengiva sangrou ap\u00f3s escovar os dentes ou passar o fio dental? Fique atento! Pode ser gengivite: uma inflama\u00e7\u00e3o super comum na gengiva, que est\u00e1 relacionada a uma s\u00e9rie de fatores. A falta de higiene dental ou a higieniza\u00e7\u00e3o prec\u00e1ria \u00e9 a principal delas. Se n\u00e3o for tratada, a gengivite pode evoluir para uma periodontite, atingindo a estrutura que d\u00e1 suporte aos dentes. Nesses casos \u00e9 importante a avalia\u00e7\u00e3o de um cirurgi\u00e3o-dentista, que indicar\u00e1 o melhor tratamento.<\/p>\n\n\n\n<h2 class=\"wp-block-heading\"><strong>Inflama\u00e7\u00e3o na gengiva<\/strong><\/h2>\n\n\n\n<p>Quando escovamos os dentes, alguns cantinhos rentes \u00e0 gengiva s\u00e3o mais dif\u00edceis de alcan\u00e7ar. Com o tempo, a placa bacteriana acaba se acumulando e causando essa inflama\u00e7\u00e3o no tecido, que gera dor na gengiva. Para evitar a inflama\u00e7\u00e3o nessa \u00e1rea, siga corretamente as dicas de escova\u00e7\u00e3o dos dentes &#8211; sem se esquecer de passar o fio dental diariamente. O quadro dever\u00e1 se normalizar com essa rotina de higiene. Combinado?<\/p>\n\n\n\n<h2 class=\"wp-block-heading\"><strong>Gengiva inchada<\/strong><\/h2>\n\n\n\n<p>D\u00ea uma aten\u00e7\u00e3o especial para a gengiva inchada ou avermelhada. A altera\u00e7\u00e3o na cor pode indicar uma irrita\u00e7\u00e3o nos tecidos, t\u00edpica de um quadro de inflama\u00e7\u00e3o. Novamente, os sintomas s\u00e3o associados \u00e0 placa bacteriana, mas outros fatores tamb\u00e9m influenciam a gengiva inchada. \u00c9 sempre indicado conversar com seu dentista para ter certeza de que est\u00e1 tudo certo.<\/p>\n\n\n\n<h2 class=\"wp-block-heading\"><strong>Mau h\u00e1lito<\/strong><\/h2>\n\n\n\n<p>E quando a higiene bucal est\u00e1 em dia, mas o mau h\u00e1lito mesmo assim insiste em aparecer? O quadro pode estar diretamente ligado a problemas na gengiva. Um deles \u00e9 a retra\u00e7\u00e3o gengival. Mas o que \u00e9 isso? Quando a gengiva se retrai, muitas vezes por causa da for\u00e7a aplicada na hora de escovar os dentes, a raiz fica mais exposta. A\u00ed tamb\u00e9m \u00e9 comum essa \u00e1rea ficar mais sens\u00edvel. O pr\u00f3ximo passo, como seria de se imaginar, \u00e9 fazer uma escova\u00e7\u00e3o mais superficial para n\u00e3o machucar ainda mais a regi\u00e3o. Com isso, alguns restos alimentares se acumulam, o que favorece o aparecimento de placa bacteriana e t\u00e1rtaro, que causam o mau h\u00e1lito.<\/p>\n\n\n\n<h2 class=\"wp-block-heading\"><strong>Feridas ou aftas na gengiva<\/strong><\/h2>\n\n\n\n<p>Em outras situa\u00e7\u00f5es, o incha\u00e7o na gengiva tamb\u00e9m pode ser causado por aftas ou feridas benignas. A\u00ed vem aquela dorzinha chata e a regi\u00e3o fica inchada e sens\u00edvel. A boa not\u00edcia \u00e9 que n\u00e3o h\u00e1 motivo para se preocupar: as aftas costumam se curar sozinhas. Vale prestar aten\u00e7\u00e3o apenas se o machucado demorar muito para cicatrizar. Se for esse o caso, consulte seu cirurgi\u00e3o-dentista para uma investiga\u00e7\u00e3o mais profunda.<\/p>\n\n\n\n<p>Notou algum desses sinais? Redobre a aten\u00e7\u00e3o e observe se o problema \u00e9 recorrente. Na d\u00favida, seu dentista pode identificar as causas de dor, sangramento ou sensibilidade na gengiva. Nenhum deles deve ser ignorado, tudo bem?<\/p>\n\n\n\n<p>Quer saber mais sobre<a href=\"https:\/\/uniodontocampinas.com.br\/blog\/gengiva-inflamada-veja-5-habitos-que-podem-estar-por-tras-disso\/\"> gengiva inflamada? Veja 5 coisas que voc\u00ea pode estar fazendo errado<\/a>.<\/p>\n\n\n\n<figure class=\"wp-block-image\"><a href=\"https:\/\/materiais.uniodontocampinasonline.com.br\/guia-saude-bucal\" target=\"_blank\" rel=\"noreferrer noopener nofollow\"><img fetchpriority=\"high\" decoding=\"async\" width=\"832\" height=\"126\" src=\"https:\/\/uniodontocampinas.com.br\/site\/wp-content\/uploads\/2020\/03\/20135_banners-blogpost_1.png\" alt=\"\" class=\"wp-image-1208\" srcset=\"https:\/\/www.uniodontocampinas.com.br\/site\/wp-content\/uploads\/2020\/03\/20135_banners-blogpost_1.png 832w, https:\/\/www.uniodontocampinas.com.br\/site\/wp-content\/uploads\/2020\/03\/20135_banners-blogpost_1-300x45.png 300w, https:\/\/www.uniodontocampinas.com.br\/site\/wp-content\/uploads\/2020\/03\/20135_banners-blogpost_1-768x116.png 768w\" sizes=\"(max-width: 832px) 100vw, 832px\" \/><\/a><\/figure>\n","protected":false},"excerpt":{"rendered":"<p>Desde pequenos somos incentivados pelo dentista e por familiares a cuidar dos nossos dentes: escov\u00e1-los ap\u00f3s as refei\u00e7\u00f5es, evitar comer alimentos com muito a\u00e7\u00facar e&#8230;<\/p>\n","protected":false},"author":1,"featured_media":953,"comment_status":"open","ping_status":"closed","sticky":false,"template":"","format":"standard","meta":{"_acf_changed":false,"inline_featured_image":false,"footnotes":""},"categories":[17],"tags":[141,114,115],"class_list":["post-874","post","type-post","status-publish","format-standard","has-post-thumbnail","hentry","category-problemas-bucais","tag-gengiva","tag-inflamacao","tag-mau-halito"],"acf":[],"_links":{"self":[{"href":"https:\/\/www.uniodontocampinas.com.br\/site\/wp-json\/wp\/v2\/posts\/874","targetHints":{"allow":["GET"]}}],"collection":[{"href":"https:\/\/www.uniodontocampinas.com.br\/site\/wp-json\/wp\/v2\/posts"}],"about":[{"href":"https:\/\/www.uniodontocampinas.com.br\/site\/wp-json\/wp\/v2\/types\/post"}],"author":[{"embeddable":true,"href":"https:\/\/www.uniodontocampinas.com.br\/site\/wp-json\/wp\/v2\/users\/1"}],"replies":[{"embeddable":true,"href":"https:\/\/www.uniodontocampinas.com.br\/site\/wp-json\/wp\/v2\/comments?post=874"}],"version-history":[{"count":0,"href":"https:\/\/www.uniodontocampinas.com.br\/site\/wp-json\/wp\/v2\/posts\/874\/revisions"}],"wp:featuredmedia":[{"embeddable":true,"href":"https:\/\/www.uniodontocampinas.com.br\/site\/wp-json\/wp\/v2\/media\/953"}],"wp:attachment":[{"href":"https:\/\/www.uniodontocampinas.com.br\/site\/wp-json\/wp\/v2\/media?parent=874"}],"wp:term":[{"taxonomy":"category","embeddable":true,"href":"https:\/\/www.uniodontocampinas.com.br\/site\/wp-json\/wp\/v2\/categories?post=874"},{"taxonomy":"post_tag","embeddable":true,"href":"https:\/\/www.uniodontocampinas.com.br\/site\/wp-json\/wp\/v2\/tags?post=874"}],"curies":[{"name":"wp","href":"https:\/\/api.w.org\/{rel}","templated":true}]}}