{"id":866,"date":"2019-03-20T15:17:55","date_gmt":"2019-03-20T18:17:55","guid":{"rendered":"http:\/\/uniodontocampinas.com.br\/?post_type=blog&#038;p=500"},"modified":"2022-10-17T15:08:36","modified_gmt":"2022-10-17T18:08:36","slug":"4-problemas-gerados-pela-falta-de-cuidado-com-os-dentes","status":"publish","type":"post","link":"https:\/\/www.uniodontocampinas.com.br\/site\/4-problemas-gerados-pela-falta-de-cuidado-com-os-dentes\/","title":{"rendered":"4 problemas gerados pela falta de cuidado com os dentes"},"content":{"rendered":"\n<p>Quem pensa que a fun\u00e7\u00e3o da higiene bucal \u00e9 apenas cuidar dos dentes deve ficar em alerta. Isso porque a boca n\u00e3o serve somente para a entrada de comida. \u00c9 atrav\u00e9s dela que muitas bact\u00e9rias n\u00e3o eliminadas na escova\u00e7\u00e3o encontram seu caminho em dire\u00e7\u00e3o a partes importantes do organismo, provocando doen\u00e7as que podem fugir da al\u00e7ada de um dentista.<\/p>\n\n\n\n<p>O bem-estar do corpo humano depende do seu bom funcionamento como um todo. Sendo assim, quando a sa\u00fade da boca n\u00e3o est\u00e1 legal, em breve o problema se estender\u00e1 para outras regi\u00f5es do corpo.<\/p>\n\n\n\n<p>Se voc\u00ea est\u00e1 se perguntando como isso acontece, ent\u00e3o este artigo vai cair como uma luva para voc\u00ea! Descubra quatro problemas que s\u00e3o gerados pela <strong>falta de cuidado com os dentes<\/strong>.<\/p>\n\n\n\n<h2 class=\"wp-block-heading\"><strong>1. C\u00e1rie<\/strong><\/h2>\n\n\n\n<p>Essa \u00e9 a doen\u00e7a mais conhecida envolvendo pr\u00e1ticas ruins de sa\u00fade bucal. Mesmo sendo mais comum nas crian\u00e7as, o fato \u00e9 que as c\u00e1ries tamb\u00e9m podem acometer os adultos. Ou seja: todos devem tomar as medidas necess\u00e1rias para evit\u00e1-las.<\/p>\n\n\n\n<p>Quando os res\u00edduos dos alimentos n\u00e3o s\u00e3o retirados dos dentes como deveriam, eles acabam assumindo a fun\u00e7\u00e3o de \u00edm\u00e3s de bact\u00e9rias, que intensificam a produ\u00e7\u00e3o de \u00e1cidos na boca e podem comprometer a parte estrutural dos dentes.<\/p>\n\n\n\n<h2 class=\"wp-block-heading\"><strong>2. Gengivite<\/strong><\/h2>\n\n\n\n<p>Se algum dia sua gengiva ficar inchada, muito vermelha e com sangramento, ent\u00e3o \u00e9 sinal de que voc\u00ea est\u00e1 com gengivite. Essa doen\u00e7a \u00e9 resultado de uma inflama\u00e7\u00e3o provocada pelo excesso de placa bacteriana na boca.<\/p>\n\n\n\n<p>\u00c9 essencial que, ao perceber a presen\u00e7a da gengivite, voc\u00ea <strong>procure um dentista imediatamente<\/strong>. Do contr\u00e1rio, a placa bacteriana pode endurecer, formar o t\u00e1rtaro e destruir aos poucos a estrutura dos dentes.<\/p>\n\n\n\n<p>Outro problema que pode surgir \u00e9 a periodontite. Al\u00e9m do sangramento, voc\u00ea notar\u00e1 um aumento da sensibilidade, do mau h\u00e1lito e uma retra\u00e7\u00e3o na gengiva.<\/p>\n\n\n\n<p>A periodontite, por ser uma evolu\u00e7\u00e3o da gengivite, \u00e9 ainda mais grave e pode levar \u00e0 perda do dente.<\/p>\n\n\n\n<h2 class=\"wp-block-heading\"><strong>3. Endocardite bacteriana<\/strong><\/h2>\n\n\n\n<p>Esse problema afeta um dos principais \u00f3rg\u00e3os humanos: o cora\u00e7\u00e3o. A endocardite bacteriana come\u00e7a na falta de higiene bucal, por\u00e9m at\u00e9 um sangramento na boca \u00e9 capaz de permitir que essa doen\u00e7a se desenvolva.<\/p>\n\n\n\n<p>A partir do momento que as bact\u00e9rias bucais entram no sistema sangu\u00edneo, o revestimento interno do cora\u00e7\u00e3o sofre s\u00e9rios danos, originando a endocardite. Se n\u00e3o tratada, a doen\u00e7a pode levar \u00e0 morte do paciente.<\/p>\n\n\n\n<p>Al\u00e9m da endocardite bacteriana, a falta de cuidado com os dentes pode fazer com que a pessoa fique mais suscet\u00edvel a outras doen\u00e7as card\u00edacas. Por exemplo: se voc\u00ea tem periodontite, as chances de voc\u00ea ter uma embolia pulmonar ou um infarto s\u00e3o maiores.<\/p>\n\n\n\n<h2 class=\"wp-block-heading\"><strong>4. Diabetes<\/strong><\/h2>\n\n\n\n<p>Pessoas diab\u00e9ticas precisam estar sempre alertas com qualquer contamina\u00e7\u00e3o no organismo. Afinal, essas infec\u00e7\u00f5es podem modificar os n\u00edveis de glicemia t\u00e3o fundamentais para seu bem-estar.<\/p>\n\n\n\n<p>No entanto, quando essa pessoa desenvolve um problema bucal que a force a comer alimentos que aumentem a glicemia \u2014 como \u00e9 o caso do p\u00e3o \u2014 a diabetes pode piorar.<\/p>\n\n\n\n<p>&#8220;Ah, mas eu n\u00e3o tenho diabetes, ent\u00e3o estou bem&#8221;. N\u00e3o exatamente. Se houver um hist\u00f3rico familiar, seja por parte de pai ou de m\u00e3e, voc\u00ea tem uma forte tend\u00eancia a desenvolver a diabetes. E com a sa\u00fade bucal atrasada, o diagn\u00f3stico ser\u00e1 s\u00f3 uma quest\u00e3o de tempo.<\/p>\n\n\n\n<p>Na pr\u00f3xima vez que voc\u00ea estiver cuidando dos seus dentes, lembre-se que o motivo para tamanho zelo n\u00e3o \u00e9 simplesmente est\u00e9tico. Ao fazer a higiene bucal com perfei\u00e7\u00e3o, voc\u00ea estar\u00e1 garantindo uma vida cheia de sa\u00fade.<\/p>\n\n\n\n<p>Portanto, n\u00e3o deixe seu bem-estar para depois: <strong>adote boas pr\u00e1ticas de higiene dental<\/strong> e<a href=\"https:\/\/uniodontocampinas.com.br\/procure-seu-dentista\/\" rel=\"nofollow\"> visite regularmente o dentista<\/a> para ficar com tudo em ordem.<\/p>\n\n\n\n<p>Voc\u00ea sabia que a falta de cuidado com os dentes poderia ser t\u00e3o prejudicial? Deixe sua opini\u00e3o nos coment\u00e1rios.<\/p>\n\n\n\n<figure class=\"wp-block-image\"><a href=\"https:\/\/materiais.uniodontocampinasonline.com.br\/odontologia-sistemica\" target=\"_blank\" rel=\"noreferrer noopener nofollow\"><img fetchpriority=\"high\" decoding=\"async\" width=\"832\" height=\"126\" src=\"https:\/\/uniodontocampinas.com.br\/site\/wp-content\/uploads\/2020\/03\/20135_banners-blogpost_2.png\" alt=\"\" class=\"wp-image-1140\" srcset=\"https:\/\/www.uniodontocampinas.com.br\/site\/wp-content\/uploads\/2020\/03\/20135_banners-blogpost_2.png 832w, https:\/\/www.uniodontocampinas.com.br\/site\/wp-content\/uploads\/2020\/03\/20135_banners-blogpost_2-300x45.png 300w, https:\/\/www.uniodontocampinas.com.br\/site\/wp-content\/uploads\/2020\/03\/20135_banners-blogpost_2-768x116.png 768w\" sizes=\"(max-width: 832px) 100vw, 832px\" \/><\/a><\/figure>\n","protected":false},"excerpt":{"rendered":"<p>Quem pensa que a fun\u00e7\u00e3o da higiene bucal \u00e9 apenas cuidar dos dentes deve ficar em alerta. Isso porque a boca&#8230;<\/p>\n","protected":false},"author":1,"featured_media":965,"comment_status":"open","ping_status":"closed","sticky":false,"template":"","format":"standard","meta":{"_acf_changed":false,"inline_featured_image":false,"footnotes":""},"categories":[17],"tags":[105,110,109,108],"class_list":["post-866","post","type-post","status-publish","format-standard","has-post-thumbnail","hentry","category-problemas-bucais","tag-carie","tag-diabetes","tag-endocardite","tag-gengivite"],"acf":[],"_links":{"self":[{"href":"https:\/\/www.uniodontocampinas.com.br\/site\/wp-json\/wp\/v2\/posts\/866","targetHints":{"allow":["GET"]}}],"collection":[{"href":"https:\/\/www.uniodontocampinas.com.br\/site\/wp-json\/wp\/v2\/posts"}],"about":[{"href":"https:\/\/www.uniodontocampinas.com.br\/site\/wp-json\/wp\/v2\/types\/post"}],"author":[{"embeddable":true,"href":"https:\/\/www.uniodontocampinas.com.br\/site\/wp-json\/wp\/v2\/users\/1"}],"replies":[{"embeddable":true,"href":"https:\/\/www.uniodontocampinas.com.br\/site\/wp-json\/wp\/v2\/comments?post=866"}],"version-history":[{"count":0,"href":"https:\/\/www.uniodontocampinas.com.br\/site\/wp-json\/wp\/v2\/posts\/866\/revisions"}],"wp:featuredmedia":[{"embeddable":true,"href":"https:\/\/www.uniodontocampinas.com.br\/site\/wp-json\/wp\/v2\/media\/965"}],"wp:attachment":[{"href":"https:\/\/www.uniodontocampinas.com.br\/site\/wp-json\/wp\/v2\/media?parent=866"}],"wp:term":[{"taxonomy":"category","embeddable":true,"href":"https:\/\/www.uniodontocampinas.com.br\/site\/wp-json\/wp\/v2\/categories?post=866"},{"taxonomy":"post_tag","embeddable":true,"href":"https:\/\/www.uniodontocampinas.com.br\/site\/wp-json\/wp\/v2\/tags?post=866"}],"curies":[{"name":"wp","href":"https:\/\/api.w.org\/{rel}","templated":true}]}}