{"id":5551,"date":"2021-05-26T11:45:00","date_gmt":"2021-05-26T14:45:00","guid":{"rendered":"https:\/\/uniodontocampinas.com.br\/?p=5551"},"modified":"2022-10-17T10:33:41","modified_gmt":"2022-10-17T13:33:41","slug":"dia-mundial-sem-tabaco-veja-como-o-cigarro-afeta-sua-saude-bucal","status":"publish","type":"post","link":"https:\/\/www.uniodontocampinas.com.br\/site\/dia-mundial-sem-tabaco-veja-como-o-cigarro-afeta-sua-saude-bucal\/","title":{"rendered":"Dia Mundial sem Tabaco: veja como o cigarro afeta sua sa\u00fade bucal"},"content":{"rendered":"\n<p>31 de maio \u00e9 conhecido como o Dia Mundial sem Tabaco. A data foi criada pela <a href=\"https:\/\/www.paho.org\/bra\/index.php?option=com_content&amp;view=article&amp;id=406:dia-mundial-sem-tabaco&amp;Itemid=463\" rel=\"nofollow\">Organiza\u00e7\u00e3o Mundial da Sa\u00fade (OMS)<\/a> para conscientizar as pessoas sobre os riscos que o cigarro traz para a sa\u00fade.<\/p>\n\n\n\n<p>Al\u00e9m dos pulm\u00f5es e das vias respirat\u00f3rias, a boca \u00e9 uma das principais \u00e1reas do corpo atingidas pelo tabaco. Os danos do cigarro \u00e0 sa\u00fade bucal s\u00e3o in\u00fameros e v\u00e3o desde os mais simples problemas, como altera\u00e7\u00f5es est\u00e9ticas nos dentes, at\u00e9 aos mais graves, como o c\u00e2ncer bucal.<\/p>\n\n\n\n<p>Continue lendo e saiba quais s\u00e3o os riscos de fumar e como o cigarro pode prejudicar a sua sa\u00fade bucal.<\/p>\n\n\n\n<h2 class=\"wp-block-heading\"><strong>Cigarro pode provocar c\u00e2ncer na boca<\/strong><\/h2>\n\n\n\n<p>Como dito anteriormente, o ato de fumar pode levar ao desenvolvimento de um c\u00e2ncer bucal. Uma das mais graves das que atinge a boca, a doen\u00e7a \u00e9 incur\u00e1vel e surge por meio da muta\u00e7\u00e3o de c\u00e9lulas sadias da cavidade oral.&nbsp;<\/p>\n\n\n\n<p>Essa muta\u00e7\u00e3o \u00e9 influenciada justamente pelo h\u00e1bito de fumar, sendo o cigarro um dos principais fatores de risco. O <a href=\"https:\/\/www.inca.gov.br\/\" rel=\"nofollow\">Instituto Nacional do C\u00e2ncer (INCA)<\/a> fez um levantamento em que estima que o Brasil registre mais de 14 mil casos de c\u00e2ncer bucal por ano.<\/p>\n\n\n\n<p>A doen\u00e7a, inclusive, aparece na 12\u00aa coloca\u00e7\u00e3o entre os tipos de c\u00e2nceres mais frequentes no pa\u00eds, ainda de acordo com o INCA. Entre os homens, o c\u00e2ncer na boca \u00e9 o mais comum, segundo o levantamento.<\/p>\n\n\n\n<p>O ato de fumar \u00e9 um dos fatores de risco, uma vez que as subst\u00e2ncias contidas no cigarro produzem altera\u00e7\u00f5es na boca, o que pode levar ao desenvolvimento do c\u00e2ncer.<\/p>\n\n\n\n<h2 class=\"wp-block-heading\"><strong>O h\u00e1bito de fumar favorece doen\u00e7as periodontais<\/strong><\/h2>\n\n\n\n<p>Al\u00e9m do risco de c\u00e2ncer, o cigarro pode ainda favorecer o surgimento de outras doen\u00e7as, como as periodontais, que s\u00e3o aquelas que atingem as gengivas e os ossos que sustentam a arcada dent\u00e1ria.<\/p>\n\n\n\n<p>As doen\u00e7as periodontais s\u00e3o causadas geralmente por bact\u00e9rias que infeccionam o tecido gengival e podem provocar a perda de dentes. Quem fuma, por sua vez, tem a boca mais suscet\u00edvel ao problema, uma vez que o tabaco deixa o sistema imunol\u00f3gico do corpo mais vulner\u00e1vel.<\/p>\n\n\n\n<p>O cigarro tamb\u00e9m provoca altera\u00e7\u00f5es no processo de cicatriza\u00e7\u00e3o de ferimentos na boca. Diante desse contexto, um paciente com doen\u00e7a periodontal pode ter muitos problemas no tratamento.<\/p>\n\n\n\n<h2 class=\"wp-block-heading\"><strong>Cigarro altera a colora\u00e7\u00e3o dos dentes<\/strong><\/h2>\n\n\n\n<p>A exposi\u00e7\u00e3o prolongada \u00e0s subst\u00e2ncias do cigarro pode provocar altera\u00e7\u00f5es nas colora\u00e7\u00f5es da gengiva e dos dentes. A nicotina, por exemplo, adere ao esmalte do dente, dando a ele um aspecto escurecido.<\/p>\n\n\n\n<p>J\u00e1 em rela\u00e7\u00e3o \u00e0 gengiva, o cigarro est\u00e1 relacionado ao aumento da produ\u00e7\u00e3o de melanina, o que provoca a chamada melanose do fumante. Essa condi\u00e7\u00e3o \u00e9 caracterizada pela pigmenta\u00e7\u00e3o irregular e acastanhada na gengiva e no palato, conhecido como c\u00e9u da boca.<\/p>\n\n\n\n<p>Embora sejam altera\u00e7\u00f5es est\u00e9ticas, se n\u00e3o tratadas podem se tornar mais graves com o passar do tempo.&nbsp;<\/p>\n\n\n\n<h2 class=\"wp-block-heading\"><strong>Fumar tamb\u00e9m provoca mau h\u00e1lito<\/strong><\/h2>\n\n\n\n<p>Outro problema bucal associado ao tabaco \u00e9 o mau h\u00e1lito. O alcatr\u00e3o presente no cigarro \u00e9 respons\u00e1vel por essa condi\u00e7\u00e3o.&nbsp;<\/p>\n\n\n\n<p>O ato de fumar altera a oxigena\u00e7\u00e3o da boca, o que resulta no mau cheiro na cavidade oral. Al\u00e9m disso, o cigarro causa ainda a secura e irrita\u00e7\u00e3o da boca e das vias respirat\u00f3rias.&nbsp;<\/p>\n\n\n\n<p>Como o tabagismo causa depend\u00eancia, procure ajuda para parar de fumar. Largar o cigarro \u00e9 uma quest\u00e3o de sa\u00fade e, se for preciso, busque por aux\u00edlio especializado.&nbsp;<\/p>\n\n\n\n<p>Se voc\u00ea \u00e9 fumante ou deixou o cigarro, procure seu dentista. A sa\u00fade bucal \u00e9 fundamental para a qualidade de vida.<\/p>\n\n\n\n<figure class=\"wp-block-image\"><a href=\"https:\/\/materiais.uniodontocampinasonline.com.br\/odontologia-sistemica\" target=\"_blank\" rel=\"noreferrer noopener nofollow\"><img fetchpriority=\"high\" decoding=\"async\" width=\"832\" height=\"126\" src=\"https:\/\/uniodontocampinas.com.br\/site\/wp-content\/uploads\/2020\/03\/20135_banners-blogpost_2.png\" alt=\"\" class=\"wp-image-1140\" srcset=\"https:\/\/www.uniodontocampinas.com.br\/site\/wp-content\/uploads\/2020\/03\/20135_banners-blogpost_2.png 832w, https:\/\/www.uniodontocampinas.com.br\/site\/wp-content\/uploads\/2020\/03\/20135_banners-blogpost_2-300x45.png 300w, https:\/\/www.uniodontocampinas.com.br\/site\/wp-content\/uploads\/2020\/03\/20135_banners-blogpost_2-768x116.png 768w\" sizes=\"(max-width: 832px) 100vw, 832px\" \/><\/a><\/figure>\n","protected":false},"excerpt":{"rendered":"<p>31 de maio \u00e9 conhecido como o Dia Mundial sem Tabaco. A data foi criada pela Organiza\u00e7\u00e3o Mundial da Sa\u00fade (OMS) para conscientizar as pessoas sobre os riscos que o cigarro traz para a sa\u00fade. Al\u00e9m dos pulm\u00f5es e das vias respirat\u00f3rias, a boca \u00e9 uma das principais \u00e1reas do corpo atingidas pelo tabaco. Os [&hellip;]<\/p>\n","protected":false},"author":1,"featured_media":5552,"comment_status":"open","ping_status":"open","sticky":false,"template":"","format":"standard","meta":{"_acf_changed":false,"inline_featured_image":false,"footnotes":""},"categories":[15],"tags":[146,157,130,115],"class_list":["post-5551","post","type-post","status-publish","format-standard","has-post-thumbnail","hentry","category-dicas-de-saude","tag-cancer-de-boca","tag-cigarro","tag-dentes-amarelos","tag-mau-halito"],"acf":[],"_links":{"self":[{"href":"https:\/\/www.uniodontocampinas.com.br\/site\/wp-json\/wp\/v2\/posts\/5551","targetHints":{"allow":["GET"]}}],"collection":[{"href":"https:\/\/www.uniodontocampinas.com.br\/site\/wp-json\/wp\/v2\/posts"}],"about":[{"href":"https:\/\/www.uniodontocampinas.com.br\/site\/wp-json\/wp\/v2\/types\/post"}],"author":[{"embeddable":true,"href":"https:\/\/www.uniodontocampinas.com.br\/site\/wp-json\/wp\/v2\/users\/1"}],"replies":[{"embeddable":true,"href":"https:\/\/www.uniodontocampinas.com.br\/site\/wp-json\/wp\/v2\/comments?post=5551"}],"version-history":[{"count":0,"href":"https:\/\/www.uniodontocampinas.com.br\/site\/wp-json\/wp\/v2\/posts\/5551\/revisions"}],"wp:featuredmedia":[{"embeddable":true,"href":"https:\/\/www.uniodontocampinas.com.br\/site\/wp-json\/wp\/v2\/media\/5552"}],"wp:attachment":[{"href":"https:\/\/www.uniodontocampinas.com.br\/site\/wp-json\/wp\/v2\/media?parent=5551"}],"wp:term":[{"taxonomy":"category","embeddable":true,"href":"https:\/\/www.uniodontocampinas.com.br\/site\/wp-json\/wp\/v2\/categories?post=5551"},{"taxonomy":"post_tag","embeddable":true,"href":"https:\/\/www.uniodontocampinas.com.br\/site\/wp-json\/wp\/v2\/tags?post=5551"}],"curies":[{"name":"wp","href":"https:\/\/api.w.org\/{rel}","templated":true}]}}