{"id":4677,"date":"2021-06-16T09:24:00","date_gmt":"2021-06-16T12:24:00","guid":{"rendered":"https:\/\/uniodontocampinas.com.br\/?p=4677"},"modified":"2022-10-17T10:32:42","modified_gmt":"2022-10-17T13:32:42","slug":"como-a-odontologia-ajuda-na-recuperacao-de-pacientes-de-covid-19","status":"publish","type":"post","link":"https:\/\/www.uniodontocampinas.com.br\/site\/como-a-odontologia-ajuda-na-recuperacao-de-pacientes-de-covid-19\/","title":{"rendered":"Como a odontologia ajuda na recupera\u00e7\u00e3o de pacientes de Covid-19"},"content":{"rendered":"\n<p>Mais de um ano ap\u00f3s o in\u00edcio da pandemia de Covid-19, especialistas de todo o mundo continuam investigando os danos que o v\u00edrus causa no organismo humano. A doen\u00e7a se manifesta por meio de diferentes sintomas, o que dificulta ainda mais o trabalho dos m\u00e9dicos.&nbsp;<\/p>\n\n\n\n<p>O que se sabe, por sua vez, \u00e9 que as vias respirat\u00f3rias e os pulm\u00f5es s\u00e3o os principais alvos da Covid-19, conforme mostrou um estudo publicado na <a href=\"https:\/\/www.thelancet.com\/journals\/lancet\/article\/PIIS0140-6736(20)31189-2\/fulltext\" rel=\"nofollow\">revista cient\u00edfica Lancet<\/a>, com base em dados de 257 pacientes em Nova York, nos Estados Unidos.<\/p>\n\n\n\n<p>Por conta disso, o trabalho de cirurgi\u00f5es-dentistas nas Unidades de Terapia Intensiva (UTI) dos hospitais tem contribu\u00eddo muito para diminuir a ocorr\u00eancia de complica\u00e7\u00f5es da doen\u00e7a. Continue lendo e entenda como a odontologia ajuda na recupera\u00e7\u00e3o de pacientes com Covid-19.&nbsp;<\/p>\n\n\n\n<h2 class=\"wp-block-heading\"><strong>Import\u00e2ncia da odontologia nas UTIs de Covid-19<\/strong><\/h2>\n\n\n\n<p>Ao longo da pandemia, os especialistas descobriram que \u00e9 na cavidade bucal que se encontra a maior carga viral da Covid-19 por conta da saliva e secre\u00e7\u00f5es. Tanto \u00e9 que pesquisadores da Faculdade de Medicina da Universidade de S\u00e3o Paulo (FM-USP) detectaram a presen\u00e7a do v\u00edrus no tecido periodontal de pacientes com Covid-19.<\/p>\n\n\n\n<p>Os resultados do estudo, que teve apoio da <a href=\"https:\/\/covid19.fapesp.br\/pesquisadores-da-usp-encontram-coronavirus-na-gengiva-de-pacientes-com-covid-19\/486\" rel=\"nofollow\">Funda\u00e7\u00e3o de Amparo \u00e0 Pesquisa do Estado de S\u00e3o Paulo (Fapesp),<\/a> mostraram que a presen\u00e7a da Covid-19 no tecido periodontal favorece a presen\u00e7a do v\u00edrus na saliva dos pacientes infectados. O dado, por sua vez, aponta que a origem da doen\u00e7a n\u00e3o se d\u00e1 somente pelas vias respirat\u00f3rias.<\/p>\n\n\n\n<p>Ainda n\u00e3o est\u00e1 claro, cientificamente, que a Covid-19 cause les\u00f5es bucais. Ocorre, no entanto, que os especialistas notaram que um paciente que apresenta um quadro de herpes simples ou candid\u00edase bucal tem um agravamento das les\u00f5es, o que piora a qualidade de vida da pessoa durante a interna\u00e7\u00e3o.<\/p>\n\n\n\n<h2 class=\"wp-block-heading\"><strong>Sintomas da Covid-19 na cavidade bucal<\/strong><\/h2>\n\n\n\n<p>Se a Covid-19 tem as vias respirat\u00f3rias e os pulm\u00f5es como os principais alvos, provocando dois dos sintomas mais comuns nos casos moderado e grave, que s\u00e3o a tosse e a dificuldade de respirar, ela tamb\u00e9m tem sido respons\u00e1vel por dist\u00farbios do paladar e do olfato.&nbsp;<\/p>\n\n\n\n<p>N\u00e3o por acaso, um levantamento da <a href=\"https:\/\/www.entnet.org\/content\/aao-hns-anosmia-hyposmia-and-dysgeusia-symptoms-coronavirus-disease\" rel=\"nofollow\">Academia Americana de Otorrinolaringologia &#8211; Cirurgia de Cabe\u00e7a e Pesco\u00e7o<\/a> mostrou que 86% das pessoas com casos leves do novo coronav\u00edrus perdem o olfato e o paladar.\u00a0<\/p>\n\n\n\n<p>Os especialistas acreditam que o quadro pode estar relacionado a altera\u00e7\u00f5es neurais, gengivite descamativa e ulcera\u00e7\u00f5es n\u00e3o espec\u00edficas nas mucosas. Ainda n\u00e3o se sabe se essas condi\u00e7\u00f5es s\u00e3o causadas diretamente pela Covid-19 ou se s\u00e3o consequ\u00eancias das altera\u00e7\u00f5es do sistema imunol\u00f3gico.<\/p>\n\n\n\n<h2 class=\"wp-block-heading\"><strong>Cuidado odontol\u00f3gico evita complica\u00e7\u00f5es da Covid-19<\/strong><\/h2>\n\n\n\n<p>Diante das incertezas a respeito da doen\u00e7a, o trabalho odontol\u00f3gico \u00e9 fundamental para a sa\u00fade e recupera\u00e7\u00e3o de um paciente internado. Os hospitais focam nos cuidados com a higiene bucal justamente para evitar a complica\u00e7\u00e3o do quadro de uma pessoa com Covid-19.<\/p>\n\n\n\n<p>A escova\u00e7\u00e3o e o diagn\u00f3stico di\u00e1rio s\u00e3o imprescind\u00edveis para evitar doen\u00e7as como a pneumonia associada \u00e0 ventila\u00e7\u00e3o mec\u00e2nica, removendo as bact\u00e9rias que se acumulam sobre os dentes, gengivas e l\u00edngua.Se n\u00e3o forem removidas, essas bact\u00e9rias podem ser aspiradas para o pulm\u00e3o dos pacientes intubados ou traqueostomizados. Al\u00e9m dessa possibilidade, o trabalho odontol\u00f3gico \u00e9 importante para prevenir e fazer a retirada de c\u00e1ries e outros focos de infec\u00e7\u00e3o, que podem levar bact\u00e9rias \u00e0 corrente sangu\u00ednea, prejudicando a recupera\u00e7\u00e3o e alta m\u00e9dica do paciente.<\/p>\n\n\n\n<figure class=\"wp-block-image\"><a href=\"https:\/\/materiais.uniodontocampinasonline.com.br\/guia-saude-bucal\" target=\"_blank\" rel=\"noreferrer noopener nofollow\"><img fetchpriority=\"high\" decoding=\"async\" width=\"832\" height=\"126\" src=\"https:\/\/uniodontocampinas.com.br\/site\/wp-content\/uploads\/2020\/03\/20135_banners-blogpost_1.png\" alt=\"\" class=\"wp-image-1208\" srcset=\"https:\/\/www.uniodontocampinas.com.br\/site\/wp-content\/uploads\/2020\/03\/20135_banners-blogpost_1.png 832w, https:\/\/www.uniodontocampinas.com.br\/site\/wp-content\/uploads\/2020\/03\/20135_banners-blogpost_1-300x45.png 300w, https:\/\/www.uniodontocampinas.com.br\/site\/wp-content\/uploads\/2020\/03\/20135_banners-blogpost_1-768x116.png 768w\" sizes=\"(max-width: 832px) 100vw, 832px\" \/><\/a><\/figure>\n","protected":false},"excerpt":{"rendered":"<p>Mais de um ano ap\u00f3s o in\u00edcio da pandemia de Covid-19, especialistas de todo o mundo continuam investigando os danos que o v\u00edrus causa no organismo humano. A doen\u00e7a se manifesta por meio de diferentes sintomas, o que dificulta ainda mais o trabalho dos m\u00e9dicos.&nbsp; O que se sabe, por sua vez, \u00e9 que as [&hellip;]<\/p>\n","protected":false},"author":1,"featured_media":4678,"comment_status":"open","ping_status":"open","sticky":false,"template":"","format":"standard","meta":{"_acf_changed":false,"inline_featured_image":false,"footnotes":""},"categories":[15],"tags":[138],"class_list":["post-4677","post","type-post","status-publish","format-standard","has-post-thumbnail","hentry","category-dicas-de-saude","tag-covid-19"],"acf":[],"_links":{"self":[{"href":"https:\/\/www.uniodontocampinas.com.br\/site\/wp-json\/wp\/v2\/posts\/4677","targetHints":{"allow":["GET"]}}],"collection":[{"href":"https:\/\/www.uniodontocampinas.com.br\/site\/wp-json\/wp\/v2\/posts"}],"about":[{"href":"https:\/\/www.uniodontocampinas.com.br\/site\/wp-json\/wp\/v2\/types\/post"}],"author":[{"embeddable":true,"href":"https:\/\/www.uniodontocampinas.com.br\/site\/wp-json\/wp\/v2\/users\/1"}],"replies":[{"embeddable":true,"href":"https:\/\/www.uniodontocampinas.com.br\/site\/wp-json\/wp\/v2\/comments?post=4677"}],"version-history":[{"count":0,"href":"https:\/\/www.uniodontocampinas.com.br\/site\/wp-json\/wp\/v2\/posts\/4677\/revisions"}],"wp:featuredmedia":[{"embeddable":true,"href":"https:\/\/www.uniodontocampinas.com.br\/site\/wp-json\/wp\/v2\/media\/4678"}],"wp:attachment":[{"href":"https:\/\/www.uniodontocampinas.com.br\/site\/wp-json\/wp\/v2\/media?parent=4677"}],"wp:term":[{"taxonomy":"category","embeddable":true,"href":"https:\/\/www.uniodontocampinas.com.br\/site\/wp-json\/wp\/v2\/categories?post=4677"},{"taxonomy":"post_tag","embeddable":true,"href":"https:\/\/www.uniodontocampinas.com.br\/site\/wp-json\/wp\/v2\/tags?post=4677"}],"curies":[{"name":"wp","href":"https:\/\/api.w.org\/{rel}","templated":true}]}}