{"id":4146,"date":"2021-01-13T14:17:00","date_gmt":"2021-01-13T17:17:00","guid":{"rendered":"https:\/\/uniodontocampinas.com.br\/?p=4146"},"modified":"2022-10-17T10:38:50","modified_gmt":"2022-10-17T13:38:50","slug":"como-prevenir-a-carie-de-mamadeira","status":"publish","type":"post","link":"https:\/\/www.uniodontocampinas.com.br\/site\/como-prevenir-a-carie-de-mamadeira\/","title":{"rendered":"Como prevenir a c\u00e1rie de mamadeira"},"content":{"rendered":"\n<p>A c\u00e1rie \u00e9 uma doen\u00e7a infectocontagiosa que atinge muitas pessoas dentro e fora do Brasil. Tanto \u00e9 que um estudo da Organiza\u00e7\u00e3o Mundial da Sa\u00fade (OMS) concluiu que a c\u00e1rie \u00e9 a<a href=\"https:\/\/saude.ig.com.br\/colunas\/bruno-puglisi-odontologia\/2018-04-18\/carie-dental-bruno-puglisi.html\" target=\"_blank\" rel=\"noreferrer noopener nofollow\"> <strong>segunda doen\u00e7a mais comum no mundo<\/strong><\/a>, ficando atr\u00e1s apenas do resfriado.<\/p>\n\n\n\n<p>Por isso, o<a href=\"http:\/\/www.blog.saude.gov.br\/index.php\/promocao-da-saude\/54106-saude-bucal-cuidado-com-os-dentes-e-fundamental\" target=\"_blank\" rel=\"noreferrer noopener nofollow\"><strong> cuidado com os dentes \u00e9 fundamental<\/strong><\/a> para a sa\u00fade bucal em todas as idades, especialmente dos beb\u00eas e das crian\u00e7as, que est\u00e3o suscet\u00edveis \u00e0 c\u00e1rie de mamadeira.<\/p>\n\n\n\n<p>Continue lendo e saiba o que \u00e9 a c\u00e1rie de mamadeira, quais s\u00e3o os sintomas, riscos, como evit\u00e1-la e os poss\u00edveis tratamentos.<\/p>\n\n\n\n<h2 class=\"wp-block-heading\"><strong>O que \u00e9 a c\u00e1rie de mamadeira?<\/strong><\/h2>\n\n\n\n<p>A c\u00e1rie \u00e9 uma infec\u00e7\u00e3o causada pela bact\u00e9ria chamada <em>Streptococcus Mutans<\/em>, que adere aos dentes e se alimenta de part\u00edculas de comida.<\/p>\n\n\n\n<p>A c\u00e1rie de mamadeira, tamb\u00e9m conhecida como c\u00e1rie precoce da inf\u00e2ncia, \u00e9 o processo de deteriora\u00e7\u00e3o do dente que ocorre por conta do ac\u00famulo de bact\u00e9rias na boca. Essa concentra\u00e7\u00e3o \u00e9 favorecida pela ingest\u00e3o de l\u00edquidos com a\u00e7\u00facar como o leite ou suco de frutas.<\/p>\n\n\n\n<p>A incid\u00eancia da doen\u00e7a \u00e9 maior em crian\u00e7as e beb\u00eas que dormem com chupetas ou fazem uso de mamadeiras com bebidas a\u00e7ucaradas. As c\u00e1ries come\u00e7am a surgir justamente quando os a\u00e7\u00facares entram em contato com os dentes, uma vez que as bact\u00e9rias d\u00e3o in\u00edcio ao processo de forma\u00e7\u00e3o de \u00e1cidos.<\/p>\n\n\n\n<p>As subst\u00e2ncias formadas corroem o esmalte do dente, o que danifica a sua superf\u00edcie. O processo de corros\u00e3o abre caminho para que as bact\u00e9rias adentrem o interior do dente. A forma\u00e7\u00e3o das c\u00e1ries de mamadeira \u00e9 mais intensa \u00e0 noite, j\u00e1 que \u00e9 o momento em que h\u00e1 menor produ\u00e7\u00e3o de saliva.<\/p>\n\n\n\n<h2 class=\"wp-block-heading\"><strong>Quais s\u00e3o os sintomas da c\u00e1rie de mamadeira?<\/strong><\/h2>\n\n\n\n<p>Os sintomas da c\u00e1rie de mamadeira n\u00e3o s\u00e3o diferentes da doen\u00e7a que atinge os adultos. \u00c9 comum o surgimento de dor e desconforto na regi\u00e3o e ainda podem ocorrer mau h\u00e1lito e incha\u00e7o da gengiva. Durante esse per\u00edodo, o beb\u00ea pode apresentar inquieta\u00e7\u00e3o ou falta de apetite.<\/p>\n\n\n\n<p>Outro ponto similar \u00e0 c\u00e1rie em adultos \u00e9 que a doen\u00e7a pode levar bastante tempo para ser percebida, sendo descoberta somente quando est\u00e1 em um est\u00e1gio avan\u00e7ado.<\/p>\n\n\n\n<h2 class=\"wp-block-heading\"><strong>Quais os riscos ao beb\u00ea?<\/strong><\/h2>\n\n\n\n<p>\u00c9 comum as pessoas ignorarem o problema por acreditar que a c\u00e1rie de mamadeira n\u00e3o \u00e9 grave, j\u00e1 que atinge dentes tempor\u00e1rios. No entanto, esse \u00e9 um pensamento errado, uma vez que os chamados \u2018dentes de leite\u2019 s\u00e3o fundamentais para a forma\u00e7\u00e3o da denti\u00e7\u00e3o permanente.<\/p>\n\n\n\n<p>Ignorar o problema pode comprometer a forma\u00e7\u00e3o dos dentes da crian\u00e7a e prejudicar a sa\u00fade bucal. A c\u00e1rie de mamadeira pode favorecer o nascimento de dentes fixos tortos ou danificados.<\/p>\n\n\n\n<p>\u00c9 v\u00e1lido lembrar ainda que a infec\u00e7\u00e3o da c\u00e1rie, se n\u00e3o tratada, pode evoluir para um quadro de inflama\u00e7\u00e3o mais grave. Em casos extremos, as bact\u00e9rias podem se inserir na corrente sangu\u00ednea e afetar outros \u00f3rg\u00e3os.<\/p>\n\n\n\n<h2 class=\"wp-block-heading\"><strong>Como <\/strong><strong>prevenir<\/strong><strong> a c\u00e1rie de mamadeira?<\/strong><\/h2>\n\n\n\n<p>Embora seja uma doen\u00e7a s\u00e9ria, a c\u00e1rie de mamadeira pode ser evitada com algumas medidas. A primeira delas \u00e9 priorizar uma alimenta\u00e7\u00e3o saud\u00e1vel para o beb\u00ea, de modo que se evite chupetas, doces e l\u00edquidos com muito a\u00e7\u00facar. Tamb\u00e9m deve ser incentivado o uso de copos quando a crian\u00e7a atingir um ano de vida.<\/p>\n\n\n\n<p>Outro ponto que contribui para a sa\u00fade bucal do beb\u00ea \u00e9 evitar a oferta de refrigerantes e fazer um consumo moderado de sucos de frutas. Os pais tamb\u00e9m devem realizar a higieniza\u00e7\u00e3o bucal do beb\u00ea e a limpeza da gengiva com gaze ou um pano macio.<\/p>\n\n\n\n<p>\u00c9 importante ainda que haja a escova\u00e7\u00e3o desde o aparecimento do primeiro dente, sempre com produtos pr\u00f3prios para a idade.<\/p>\n\n\n\n<h2 class=\"wp-block-heading\"><strong>Quais s\u00e3o os tratamentos para c\u00e1rie de mamadeira?<\/strong><\/h2>\n\n\n\n<p>O tratamento da c\u00e1rie de mamadeira vai depender de uma avalia\u00e7\u00e3o do dentista, que ir\u00e1 analisar o est\u00e1gio da doen\u00e7a, a sa\u00fade do beb\u00ea, a idade e outros fatores.<\/p>\n\n\n\n<p>Caso a c\u00e1rie ainda esteja em um estado inicial, o tratamento \u00e9 feito por meio de produtos com fl\u00faor, que v\u00e3o reverter a infec\u00e7\u00e3o e garantir a integridade dos dentes atingidos.<\/p>\n\n\n\n<p>J\u00e1 no caso de c\u00e1ries mais avan\u00e7adas, a medida indicada \u00e9 similar \u00e0 dos adultos, com a extra\u00e7\u00e3o ou tratamento de canal. \u00c9 importante salientar que o procedimento escolhido vai depender de cada caso.<\/p>\n\n\n\n<p>Por isso, \u00e9 imprescind\u00edvel um acompanhamento profissional e o cuidado di\u00e1rio da sa\u00fade bucal do seu beb\u00ea. Quer saber mais sobre os cuidados com os primeiros dentes do beb\u00ea? Acesse nosso artigo <a href=\"https:\/\/uniodontocampinas.com.br\/blog\/primeiros-dentes-do-bebe-o-que-voce-precisa-saber\/\"><strong>Primeiros dentes do beb\u00ea: o que voc\u00ea precisa saber?<\/strong><\/a><\/p>\n\n\n\n<figure class=\"wp-block-image size-large\"><a href=\"https:\/\/materiais.uniodontocampinasonline.com.br\/nasceu-dente-no-vicente\" target=\"_blank\" rel=\"noopener noreferrer nofollow\"><img fetchpriority=\"high\" decoding=\"async\" width=\"832\" height=\"126\" src=\"https:\/\/uniodontocampinas.com.br\/site\/wp-content\/uploads\/2021\/07\/21863_Bannersblogposts_832x126_02-1.png\" alt=\"\" class=\"wp-image-5981\" srcset=\"https:\/\/www.uniodontocampinas.com.br\/site\/wp-content\/uploads\/2021\/07\/21863_Bannersblogposts_832x126_02-1.png 832w, https:\/\/www.uniodontocampinas.com.br\/site\/wp-content\/uploads\/2021\/07\/21863_Bannersblogposts_832x126_02-1-300x45.png 300w, https:\/\/www.uniodontocampinas.com.br\/site\/wp-content\/uploads\/2021\/07\/21863_Bannersblogposts_832x126_02-1-768x116.png 768w\" sizes=\"(max-width: 832px) 100vw, 832px\" \/><\/a><\/figure>\n","protected":false},"excerpt":{"rendered":"<p>A c\u00e1rie \u00e9 uma doen\u00e7a infectocontagiosa que atinge muitas pessoas dentro e fora do Brasil. Tanto \u00e9 que um estudo da Organiza\u00e7\u00e3o Mundial da Sa\u00fade (OMS) concluiu que a c\u00e1rie \u00e9 a segunda doen\u00e7a mais comum no mundo, ficando atr\u00e1s apenas do resfriado. Por isso, o cuidado com os dentes \u00e9 fundamental para a sa\u00fade [&hellip;]<\/p>\n","protected":false},"author":1,"featured_media":4147,"comment_status":"open","ping_status":"open","sticky":false,"template":"","format":"standard","meta":{"_acf_changed":false,"inline_featured_image":false,"footnotes":""},"categories":[15],"tags":[145,105,147],"class_list":["post-4146","post","type-post","status-publish","format-standard","has-post-thumbnail","hentry","category-dicas-de-saude","tag-bebes","tag-carie","tag-prevencao"],"acf":[],"_links":{"self":[{"href":"https:\/\/www.uniodontocampinas.com.br\/site\/wp-json\/wp\/v2\/posts\/4146","targetHints":{"allow":["GET"]}}],"collection":[{"href":"https:\/\/www.uniodontocampinas.com.br\/site\/wp-json\/wp\/v2\/posts"}],"about":[{"href":"https:\/\/www.uniodontocampinas.com.br\/site\/wp-json\/wp\/v2\/types\/post"}],"author":[{"embeddable":true,"href":"https:\/\/www.uniodontocampinas.com.br\/site\/wp-json\/wp\/v2\/users\/1"}],"replies":[{"embeddable":true,"href":"https:\/\/www.uniodontocampinas.com.br\/site\/wp-json\/wp\/v2\/comments?post=4146"}],"version-history":[{"count":0,"href":"https:\/\/www.uniodontocampinas.com.br\/site\/wp-json\/wp\/v2\/posts\/4146\/revisions"}],"wp:featuredmedia":[{"embeddable":true,"href":"https:\/\/www.uniodontocampinas.com.br\/site\/wp-json\/wp\/v2\/media\/4147"}],"wp:attachment":[{"href":"https:\/\/www.uniodontocampinas.com.br\/site\/wp-json\/wp\/v2\/media?parent=4146"}],"wp:term":[{"taxonomy":"category","embeddable":true,"href":"https:\/\/www.uniodontocampinas.com.br\/site\/wp-json\/wp\/v2\/categories?post=4146"},{"taxonomy":"post_tag","embeddable":true,"href":"https:\/\/www.uniodontocampinas.com.br\/site\/wp-json\/wp\/v2\/tags?post=4146"}],"curies":[{"name":"wp","href":"https:\/\/api.w.org\/{rel}","templated":true}]}}