{"id":313645,"date":"2026-03-20T10:50:02","date_gmt":"2026-03-20T13:50:02","guid":{"rendered":"https:\/\/uniodontocampinas.com.br\/?p=313645"},"modified":"2026-03-20T10:50:02","modified_gmt":"2026-03-20T13:50:02","slug":"como-a-obesidade-pode-impactar-a-saude-bucal","status":"publish","type":"post","link":"https:\/\/www.uniodontocampinas.com.br\/site\/como-a-obesidade-pode-impactar-a-saude-bucal\/","title":{"rendered":"Como a obesidade pode impactar a sa\u00fade bucal"},"content":{"rendered":"<p><span style=\"font-weight: 400;\">A obesidade \u00e9 uma condi\u00e7\u00e3o de sa\u00fade cujo impacto vai muito al\u00e9m da est\u00e9tica ou do peso corporal. Ela est\u00e1 associada a altera\u00e7\u00f5es metab\u00f3licas, processos inflamat\u00f3rios e maior risco de diversas doen\u00e7as cr\u00f4nicas. O que muita gente ainda n\u00e3o percebe \u00e9 que esses impactos tamb\u00e9m se refletem na boca. <\/span><span style=\"font-weight: 400;\">A sa\u00fade bucal faz parte do cuidado integral com o organismo. Altera\u00e7\u00f5es sist\u00eamicas no corpo, como um todo, influenciam diretamente o equil\u00edbrio da cavidade oral, aumentando a vulnerabilidade a inflama\u00e7\u00f5es, infec\u00e7\u00f5es e dificuldades de recupera\u00e7\u00e3o. Por isso, compreender essa rela\u00e7\u00e3o \u00e9 um passo importante para a preven\u00e7\u00e3o. <\/span><span style=\"font-weight: 400;\">Na Uniodonto Campinas, acreditamos que informa\u00e7\u00e3o clara e confi\u00e1vel ajuda a cuidar melhor da sa\u00fade. Entender como a obesidade pode impactar a sa\u00fade bucal \u00e9 fundamental para adotar h\u00e1bitos mais conscientes e buscar acompanhamento profissional especializado.<\/span><\/p>\n<h2><b>A rela\u00e7\u00e3o entre obesidade e sa\u00fade bucal<\/b><\/h2>\n<p><span style=\"font-weight: 400;\">A obesidade est\u00e1 associada a um estado inflamat\u00f3rio cr\u00f4nico no organismo. \u00c9 um processo que n\u00e3o fica restrito a \u00f3rg\u00e3os internos. Ele tamb\u00e9m afeta tecidos da boca, como gengiva, mucosa e estruturas de suporte dos dentes. <\/span><span style=\"font-weight: 400;\">Quando o corpo est\u00e1 constantemente inflamado, a resposta do sistema imunol\u00f3gico pode ficar alterada. Isso facilita o desenvolvimento de doen\u00e7as bucais e dificulta o controle de inflama\u00e7\u00f5es j\u00e1 existentes. Dessa forma, a sa\u00fade da boca passa a refletir condi\u00e7\u00f5es que v\u00e3o al\u00e9m do ambiente oral. <\/span><span style=\"font-weight: 400;\">Cuidar da sa\u00fade bucal, <\/span><span style=\"font-weight: 400;\">neste<\/span><span style=\"font-weight: 400;\"> contexto, significa olhar para o corpo como um todo e reconhecer que os sistemas est\u00e3o interligados.<\/span><\/p>\n<h2><b>Obesidade, inflama\u00e7\u00e3o e os impactos na sa\u00fade bucal<\/b><\/h2>\n<p><span style=\"font-weight: 400;\">Processos inflamat\u00f3rios persistentes favorecem o surgimento de <\/span><span style=\"font-weight: 400;\">doen\u00e7a gengival<\/span><span style=\"font-weight: 400;\">. Pessoas com excesso de peso podem apresentar maior risco de gengivite e periodontite, condi\u00e7\u00f5es que afetam a gengiva e os tecidos que sustentam os dentes. <\/span><span style=\"font-weight: 400;\">A inflama\u00e7\u00e3o sist\u00eamica pode intensificar a resposta inflamat\u00f3ria local na boca. Isso contribui para sangramentos, incha\u00e7o e sensibilidade gengival. Quando n\u00e3o tratadas, essas altera\u00e7\u00f5es podem evoluir e comprometer a sa\u00fade bucal de forma mais ampla. <\/span><span style=\"font-weight: 400;\">O acompanhamento odontol\u00f3gico \u00e9 essencial para identificar esses sinais precocemente e orientar o tratamento adequado.<\/span><\/p>\n<h2><b>Obesidade, alimenta\u00e7\u00e3o e risco de <\/b><b>c\u00e1rie<\/b><\/h2>\n<p><span style=\"font-weight: 400;\">A alimenta\u00e7\u00e3o tem papel direto na sa\u00fade da boca. Dietas ricas em a\u00e7\u00facares e alimentos ultraprocessados aumentam o risco de <\/span><span style=\"font-weight: 400;\">c\u00e1rie<\/span><span style=\"font-weight: 400;\"> e desequil\u00edbrios na microbiota oral. <\/span><span style=\"font-weight: 400;\">Em muitos casos, h\u00e1bitos alimentares associados \u00e0 obesidade favorecem o ac\u00famulo de res\u00edduos nos dentes. Isso cria um ambiente prop\u00edcio para a prolifera\u00e7\u00e3o de bact\u00e9rias respons\u00e1veis pela c\u00e1rie dent\u00e1ria. <\/span><span style=\"font-weight: 400;\">Al\u00e9m disso, a frequ\u00eancia alimentar elevada ao longo do dia pode dificultar o controle adequado da higiene bucal. Por isso, a orienta\u00e7\u00e3o profissional \u00e9 importante para alinhar alimenta\u00e7\u00e3o, higiene e preven\u00e7\u00e3o.<\/span><\/p>\n<h2><b>Altera\u00e7\u00f5es na saliva e no equil\u00edbrio da boca<\/b><\/h2>\n<p><span style=\"font-weight: 400;\">A saliva desempenha um papel fundamental na prote\u00e7\u00e3o da boca. Ela ajuda a neutralizar \u00e1cidos, controlar bact\u00e9rias e manter o equil\u00edbrio do ambiente oral. <\/span><span style=\"font-weight: 400;\">Altera\u00e7\u00f5es metab\u00f3licas associadas \u00e0 obesidade podem interferir na quantidade e na qualidade da saliva. A redu\u00e7\u00e3o do fluxo salivar, por exemplo, tamb\u00e9m favorece o surgimento de<\/span><span style=\"font-weight: 400;\"> c\u00e1rie<\/span><span style=\"font-weight: 400;\">, mau h\u00e1lito e desconfortos bucais. <\/span><span style=\"font-weight: 400;\">Manter uma boa hidrata\u00e7\u00e3o e acompanhamento profissional contribui para preservar esse equil\u00edbrio natural da boca.<\/span><\/p>\n<h2><b>Halitose e impacto na qualidade de vida<\/b><\/h2>\n<p><span style=\"font-weight: 400;\">A halitose, popularmente conhecida como mau h\u00e1lito, pode estar relacionada a diferentes fatores. <\/span><span style=\"font-weight: 400;\">Inflama\u00e7\u00e3o gengival<\/span><span style=\"font-weight: 400;\">, altera\u00e7\u00f5es salivares e h\u00e1bitos alimentares influenciam diretamente <\/span><span style=\"font-weight: 400;\">este<\/span><span style=\"font-weight: 400;\"> quadro. <\/span><span style=\"font-weight: 400;\">Al\u00e9m do desconforto f\u00edsico, o mau h\u00e1lito pode afetar a autoestima, a conviv\u00eancia social e com isso, a qualidade de vida. Identificar a causa \u00e9 essencial para um tratamento eficaz, que vai al\u00e9m de solu\u00e7\u00f5es tempor\u00e1rias. <\/span><span style=\"font-weight: 400;\">O dentista \u00e9 o profissional indicado para avaliar a origem do problema e orientar os cuidados adequados.<\/span><\/p>\n<h2><b>Obesidade e dificuldade de cicatriza\u00e7\u00e3o<\/b><\/h2>\n<p><span style=\"font-weight: 400;\">Outra quest\u00e3o importante \u00e9 a cicatriza\u00e7\u00e3o. Processos inflamat\u00f3rios e altera\u00e7\u00f5es metab\u00f3licas podem dificultar a recupera\u00e7\u00e3o dos tecidos ap\u00f3s procedimentos odontol\u00f3gicos. <\/span><span style=\"font-weight: 400;\">Isso significa que tratamentos simples podem demandar mais aten\u00e7\u00e3o e acompanhamento. A preven\u00e7\u00e3o, nesse cen\u00e1rio, torna-se ainda mais importante para evitar interven\u00e7\u00f5es mais complexas. <\/span><span style=\"font-weight: 400;\">O cuidado cont\u00ednuo com a sa\u00fade bucal reduz riscos e contribui para tratamentos mais seguros e eficazes.<\/span><\/p>\n<h2><b>Cuidados essenciais para proteger a sa\u00fade bucal<\/b><\/h2>\n<p><span style=\"font-weight: 400;\">A preven\u00e7\u00e3o continua sendo o melhor caminho. A escova\u00e7\u00e3o correta, o uso di\u00e1rio do fio dental e a aten\u00e7\u00e3o \u00e0 alimenta\u00e7\u00e3o fazem diferen\u00e7a na sa\u00fade da boca. <\/span><span style=\"font-weight: 400;\">Consultas regulares ao dentista permitem identificar altera\u00e7\u00f5es precocemente e orientar cuidados personalizados. Esse acompanhamento \u00e9 fundamental para quem convive com condi\u00e7\u00f5es que impactam a sa\u00fade geral. <\/span><span style=\"font-weight: 400;\">Na Uniodonto Campinas, o cuidado odontol\u00f3gico faz parte de uma vis\u00e3o integrada da sa\u00fade, com foco na preven\u00e7\u00e3o, orienta\u00e7\u00e3o e qualidade de vida.<\/span><\/p>\n<h2><b>Cuidar da sa\u00fade bucal tamb\u00e9m \u00e9 cuidar do corpo<\/b><\/h2>\n<p><span style=\"font-weight: 400;\">A rela\u00e7\u00e3o entre obesidade e sa\u00fade bucal refor\u00e7a uma mensagem importante: o corpo funciona de forma integrada. Altera\u00e7\u00f5es sist\u00eamicas refletem na boca, assim como problemas bucais podem impactar o bem-estar geral. <\/span><span style=\"font-weight: 400;\">Adotar h\u00e1bitos saud\u00e1veis, buscar informa\u00e7\u00e3o e manter acompanhamento profissional s\u00e3o atitudes que fazem uma enorme diferen\u00e7a ao longo da vida. Lembre-se que cuidar da boca \u00e9 parte essencial do cuidado com a sa\u00fade como um todo.<\/span><\/p>\n<p><span style=\"font-weight: 400;\">Conte com a Uniodonto Campinas para todas as d\u00favidas e confira nossos planos. Acesse nosso site<\/span><a href=\"https:\/\/uniodontocampinas.com.br\/\"> <span style=\"font-weight: 400;\">https:\/\/uniodontocampinas.com.br\/<\/span><\/a><span style=\"font-weight: 400;\"> e acompanhe outros conte\u00fados educativos no nosso <\/span><b>Blog<\/b><span style=\"font-weight: 400;\">.<\/span><\/p>\n<p><span style=\"font-weight: 400;\">Voc\u00ea \u00e9 empres\u00e1rio e quer proteger a sa\u00fade bucal dos colaboradores? Conhe\u00e7a os planos Uniodonto: <\/span><span style=\"font-weight: 400;\"><a href=\"https:\/\/uniodontocampinas.com.br\/pme\/\">Plano PME<\/a> e <a href=\"https:\/\/uniodontocampinas.com.br\/pessoa-juridica\/\">Plano Pessoa Jur\u00eddica<\/a>.<\/span><\/p>\n<p><span style=\"font-weight: 400;\">\u00a0<\/span><em>Para mais conte\u00fados como este, acesse o nosso <\/em><a href=\"https:\/\/uniodontocampinas.com.br\/blog\/\"><em>blog<\/em><\/a><em> e descubra como a Uniodonto inova na odontologia cooperativista!<\/em><\/p>\n","protected":false},"excerpt":{"rendered":"<p>A obesidade \u00e9 uma condi\u00e7\u00e3o de sa\u00fade cujo impacto vai muito al\u00e9m da est\u00e9tica ou do peso corporal. Ela est\u00e1 associada a altera\u00e7\u00f5es metab\u00f3licas, processos inflamat\u00f3rios e maior risco de diversas doen\u00e7as cr\u00f4nicas. O que muita gente ainda n\u00e3o percebe \u00e9 que esses impactos tamb\u00e9m se refletem na boca. A sa\u00fade bucal faz parte do [&hellip;]<\/p>\n","protected":false},"author":4,"featured_media":313650,"comment_status":"open","ping_status":"open","sticky":false,"template":"","format":"standard","meta":{"_acf_changed":false,"inline_featured_image":false,"footnotes":""},"categories":[15],"tags":[],"class_list":["post-313645","post","type-post","status-publish","format-standard","has-post-thumbnail","hentry","category-dicas-de-saude"],"acf":[],"_links":{"self":[{"href":"https:\/\/www.uniodontocampinas.com.br\/site\/wp-json\/wp\/v2\/posts\/313645","targetHints":{"allow":["GET"]}}],"collection":[{"href":"https:\/\/www.uniodontocampinas.com.br\/site\/wp-json\/wp\/v2\/posts"}],"about":[{"href":"https:\/\/www.uniodontocampinas.com.br\/site\/wp-json\/wp\/v2\/types\/post"}],"author":[{"embeddable":true,"href":"https:\/\/www.uniodontocampinas.com.br\/site\/wp-json\/wp\/v2\/users\/4"}],"replies":[{"embeddable":true,"href":"https:\/\/www.uniodontocampinas.com.br\/site\/wp-json\/wp\/v2\/comments?post=313645"}],"version-history":[{"count":2,"href":"https:\/\/www.uniodontocampinas.com.br\/site\/wp-json\/wp\/v2\/posts\/313645\/revisions"}],"predecessor-version":[{"id":313652,"href":"https:\/\/www.uniodontocampinas.com.br\/site\/wp-json\/wp\/v2\/posts\/313645\/revisions\/313652"}],"wp:featuredmedia":[{"embeddable":true,"href":"https:\/\/www.uniodontocampinas.com.br\/site\/wp-json\/wp\/v2\/media\/313650"}],"wp:attachment":[{"href":"https:\/\/www.uniodontocampinas.com.br\/site\/wp-json\/wp\/v2\/media?parent=313645"}],"wp:term":[{"taxonomy":"category","embeddable":true,"href":"https:\/\/www.uniodontocampinas.com.br\/site\/wp-json\/wp\/v2\/categories?post=313645"},{"taxonomy":"post_tag","embeddable":true,"href":"https:\/\/www.uniodontocampinas.com.br\/site\/wp-json\/wp\/v2\/tags?post=313645"}],"curies":[{"name":"wp","href":"https:\/\/api.w.org\/{rel}","templated":true}]}}