{"id":313352,"date":"2026-03-18T13:33:56","date_gmt":"2026-03-18T16:33:56","guid":{"rendered":"https:\/\/uniodontocampinas.com.br\/?p=313352"},"modified":"2026-03-18T13:33:56","modified_gmt":"2026-03-18T16:33:56","slug":"dia-mundial-da-saude-bucal-cuidar-da-boca-e-cuidar-da-saude","status":"publish","type":"post","link":"https:\/\/www.uniodontocampinas.com.br\/site\/dia-mundial-da-saude-bucal-cuidar-da-boca-e-cuidar-da-saude\/","title":{"rendered":"Dia mundial da sa\u00fade bucal: cuidar da boca \u00e9 cuidar da sa\u00fade"},"content":{"rendered":"\r\n<p><span style=\"font-weight: 400;\">O cuidado com a sa\u00fade bucal vai muito al\u00e9m da est\u00e9tica do sorriso. A boca \u00e9 uma das principais portas de entrada do organismo e exerce papel fundamental no bem-estar geral. Por isso, manter h\u00e1bitos adequados de higiene e preven\u00e7\u00e3o \u00e9 essencial em todas as fases da vida.<\/span><\/p>\r\n<p><span style=\"font-weight: 400;\">O <\/span><b>Dia Mundial da Sa\u00fade Bucal<\/b><span style=\"font-weight: 400;\"> \u00e9 uma oportunidade importante para refor\u00e7ar essa conscientiza\u00e7\u00e3o. A data chama a aten\u00e7\u00e3o para a import\u00e2ncia dos cuidados di\u00e1rios, da preven\u00e7\u00e3o e do acompanhamento profissional como parte da promo\u00e7\u00e3o da sa\u00fade integral.<\/span><\/p>\r\n<p><span style=\"font-weight: 400;\">Na Uniodonto Campinas, acreditamos que informa\u00e7\u00e3o de qualidade \u00e9 um dos pilares para uma vida mais saud\u00e1vel. Por isso, reunimos orienta\u00e7\u00f5es essenciais para ajudar voc\u00ea a cuidar melhor da sua sa\u00fade bucal.<\/span><\/p>\r\n<h2><span style=\"font-weight: 400;\">\u00a0<\/span><b>O que \u00e9 o Dia Mundial da Sa\u00fade Bucal<\/b><\/h2>\r\n<p><span style=\"font-weight: 400;\">O <\/span><b>Dia Mundial da Sa\u00fade Bucal<\/b><span style=\"font-weight: 400;\"> \u00e9 celebrado com o objetivo de conscientizar a popula\u00e7\u00e3o sobre a import\u00e2ncia da sa\u00fade da boca e sua rela\u00e7\u00e3o direta com a sa\u00fade do corpo como um todo. A data refor\u00e7a a necessidade de preven\u00e7\u00e3o, diagn\u00f3stico precoce e cuidados cont\u00ednuos ao longo da vida.<\/span><\/p>\r\n<p><span style=\"font-weight: 400;\">Mais do que uma a\u00e7\u00e3o pontual, esse dia serve como um convite \u00e0 reflex\u00e3o sobre h\u00e1bitos di\u00e1rios e escolhas que impactam diretamente a qualidade de vida. Cuidar da sa\u00fade bucal \u00e9 investir em bem-estar, conforto e seguran\u00e7a em todas as fases da vida.<\/span><\/p>\r\n<h2><b>Por que cuidar da boca \u00e9 cuidar da sa\u00fade<\/b><\/h2>\r\n<p><span style=\"font-weight: 400;\">A sa\u00fade bucal est\u00e1 diretamente ligada \u00e0 sa\u00fade geral do organismo. Problemas na boca podem afetar outras \u00e1reas do corpo e contribuir para o surgimento ou agravamento de diversas condi\u00e7\u00f5es de sa\u00fade.<\/span><\/p>\r\n<p><span style=\"font-weight: 400;\">Infec\u00e7\u00f5es bucais, por exemplo, podem facilitar a entrada de bact\u00e9rias na corrente sangu\u00ednea. Isso pode impactar \u00f3rg\u00e3os e sistemas importantes, como o cora\u00e7\u00e3o. Al\u00e9m disso, dores, inflama\u00e7\u00f5es e dificuldades na mastiga\u00e7\u00e3o interferem na alimenta\u00e7\u00e3o e na qualidade de vida.<\/span><\/p>\r\n<p><span style=\"font-weight: 400;\">Manter a boca saud\u00e1vel significa prevenir doen\u00e7as, reduzir riscos e promover equil\u00edbrio para todo o organismo.<\/span><\/p>\r\n<h2><b>Principais problemas bucais que merecem aten\u00e7\u00e3o<\/b><\/h2>\r\n<p><span style=\"font-weight: 400;\">Alguns problemas bucais s\u00e3o mais comuns e exigem aten\u00e7\u00e3o constante para evitar complica\u00e7\u00f5es.<\/span><\/p>\r\n<ul>\r\n<li>C\u00e1rie: <span style=\"font-weight: 400;\">A c\u00e1rie \u00e9 causada pelo ac\u00famulo de bact\u00e9rias e restos de alimentos. Quando n\u00e3o tratada, pode causar dor, infec\u00e7\u00e3o e perda do dente.<\/span><\/li>\r\n<li>Doen\u00e7as gengivais: <span style=\"font-weight: 400;\">Gengivite e periodontite afetam a gengiva e os tecidos de suporte dos dentes. Podem levar \u00e0 perda dent\u00e1ria se n\u00e3o forem tratadas adequadamente.<\/span><\/li>\r\n<li>Mau h\u00e1lito: O mau h\u00e1lito pode estar relacionado \u00e0 higiene inadequada, problemas gengivais ou altera\u00e7\u00f5es sist\u00eamicas. A avalia\u00e7\u00e3o profissional \u00e9 fundamental.<\/li>\r\n<li>Desgaste e problemas de mordida: <span style=\"font-weight: 400;\">Desgastes dent\u00e1rios e altera\u00e7\u00f5es na mordida podem causar dores, sensibilidade e desconforto ao mastigar.<\/span><\/li>\r\n<\/ul>\r\n<h2><span style=\"font-weight: 400;\">\u00a0<\/span><b>H\u00e1bitos simples que fazem a diferen\u00e7a na sa\u00fade bucal<\/b><\/h2>\r\n<p><span style=\"font-weight: 400;\">A preven\u00e7\u00e3o come\u00e7a com cuidados di\u00e1rios simples, mas extremamente eficazes.<\/span><\/p>\r\n<p><span style=\"font-weight: 400;\">A escova\u00e7\u00e3o adequada, pelo menos tr\u00eas vezes ao dia, ajuda a remover res\u00edduos e bact\u00e9rias. O uso di\u00e1rio do fio dental complementa a limpeza e alcan\u00e7a \u00e1reas que a escova n\u00e3o consegue.<\/span><\/p>\r\n<p><span style=\"font-weight: 400;\">Uma alimenta\u00e7\u00e3o equilibrada tamb\u00e9m contribui para a sa\u00fade bucal. Reduzir o consumo excessivo de a\u00e7\u00facar ajuda a prevenir<\/span><span style=\"font-weight: 400;\"> c\u00e1rie <\/span><span style=\"font-weight: 400;\">e <\/span><span style=\"font-weight: 400;\">inflama\u00e7\u00e3o<\/span><span style=\"font-weight: 400;\">. Al\u00e9m disso, trocar a escova regularmente \u00e9 uma pr\u00e1tica importante para manter a efici\u00eancia da higiene.<\/span><\/p>\r\n<p><span style=\"font-weight: 400;\">Esses h\u00e1bitos, quando realizados de forma consistente, fazem grande diferen\u00e7a ao longo do tempo.<\/span><\/p>\r\n<h2><b>A import\u00e2ncia das consultas regulares ao dentista<\/b><\/h2>\r\n<p><span style=\"font-weight: 400;\">Mesmo com uma boa rotina de cuidados em casa, as consultas regulares ao dentista s\u00e3o indispens\u00e1veis. O acompanhamento profissional permite identificar problemas ainda no in\u00edcio, facilitando o tratamento e evitando complica\u00e7\u00f5es.<\/span><\/p>\r\n<p><span style=\"font-weight: 400;\">Durante as consultas, o dentista avalia a sa\u00fade da boca, orienta sobre higiene adequada e realiza procedimentos preventivos. Esse cuidado cont\u00ednuo contribui para a manuten\u00e7\u00e3o da sa\u00fade bucal e para a tranquilidade do paciente.<\/span><\/p>\r\n<p><span style=\"font-weight: 400;\">Na Uniodonto Campinas, o acesso ao atendimento odontol\u00f3gico \u00e9 parte fundamental do compromisso com a preven\u00e7\u00e3o.<\/span><\/p>\r\n<h2><b>Sa\u00fade bucal em todas as idades<\/b><\/h2>\r\n<p><span style=\"font-weight: 400;\">Os cuidados com a sa\u00fade bucal devem acompanhar cada fase da vida.<\/span><\/p>\r\n<p><span style=\"font-weight: 400;\">Na inf\u00e2ncia, a orienta\u00e7\u00e3o adequada ajuda a formar bons h\u00e1bitos desde cedo. Na fase adulta, a preven\u00e7\u00e3o mant\u00e9m a sa\u00fade e evita tratamentos mais complexos. J\u00e1 na terceira idade, o acompanhamento \u00e9 essencial para preservar a fun\u00e7\u00e3o mastigat\u00f3ria e o conforto.<\/span><\/p>\r\n<p><span style=\"font-weight: 400;\">Independentemente da idade, cuidar da boca \u00e9 um investimento em qualidade de vida.<\/span><\/p>\r\n<h2><b>Uma mensagem simples e essencial<\/b><\/h2>\r\n<p><span style=\"font-weight: 400;\">O <\/span><b>Dia Mundial da Sa\u00fade Bucal<\/b><span style=\"font-weight: 400;\"> refor\u00e7a uma mensagem simples e essencial: cuidar da boca \u00e9 cuidar da sa\u00fade como um todo. Pequenas atitudes di\u00e1rias, aliadas ao acompanhamento profissional, fazem a diferen\u00e7a na preven\u00e7\u00e3o e no bem-estar.<\/span><\/p>\r\n<p><span style=\"font-weight: 400;\">Conte com a Uniodonto Campinas para todas as d\u00favidas e confira nossos planos. Acesse nosso site<\/span><a href=\"https:\/\/uniodontocampinas.com.br\/\"> <span style=\"font-weight: 400;\">https:\/\/uniodontocampinas.com.br\/<\/span><\/a> <span style=\"font-weight: 400;\">e acompanhe outros conte\u00fados educativos no nosso <\/span><b>Blog<\/b><span style=\"font-weight: 400;\">.<\/span><\/p>\r\n<p>Possuir um plano odontol\u00f3gico garante acesso a tratamentos preventivos e corretivos sem custos elevados. Na Uniodonto Campinas, oferecemos op\u00e7\u00f5es para <a href=\"https:\/\/uniodontocampinas.com.br\/pessoa-fisica\/\">Pessoa F\u00edsica<\/a> e <a href=\"https:\/\/uniodontocampinas.com.br\/pme\/\">PMEs.<\/a><\/p>\r\n<p>\r\n\r\n<\/p>\r\n<h6 class=\"wp-block-heading\"><em>Para mais conte\u00fados como este, acesse o nosso <\/em><a href=\"https:\/\/uniodontocampinas.com.br\/blog\/\"><em>blog<\/em><\/a><em> e descubra como a Uniodonto inova na odontologia cooperativista!<\/em><\/h6>\r\n","protected":false},"excerpt":{"rendered":"<p>O cuidado com a sa\u00fade bucal vai muito al\u00e9m da est\u00e9tica do sorriso. A boca \u00e9 uma das principais portas de entrada do organismo e exerce papel fundamental no bem-estar geral. Por isso, manter h\u00e1bitos adequados de higiene e preven\u00e7\u00e3o \u00e9 essencial em todas as fases da vida. O Dia Mundial da Sa\u00fade Bucal \u00e9 [&hellip;]<\/p>\n","protected":false},"author":4,"featured_media":313354,"comment_status":"open","ping_status":"open","sticky":false,"template":"","format":"standard","meta":{"_acf_changed":false,"inline_featured_image":false,"footnotes":""},"categories":[15],"tags":[],"class_list":["post-313352","post","type-post","status-publish","format-standard","has-post-thumbnail","hentry","category-dicas-de-saude"],"acf":[],"_links":{"self":[{"href":"https:\/\/www.uniodontocampinas.com.br\/site\/wp-json\/wp\/v2\/posts\/313352","targetHints":{"allow":["GET"]}}],"collection":[{"href":"https:\/\/www.uniodontocampinas.com.br\/site\/wp-json\/wp\/v2\/posts"}],"about":[{"href":"https:\/\/www.uniodontocampinas.com.br\/site\/wp-json\/wp\/v2\/types\/post"}],"author":[{"embeddable":true,"href":"https:\/\/www.uniodontocampinas.com.br\/site\/wp-json\/wp\/v2\/users\/4"}],"replies":[{"embeddable":true,"href":"https:\/\/www.uniodontocampinas.com.br\/site\/wp-json\/wp\/v2\/comments?post=313352"}],"version-history":[{"count":6,"href":"https:\/\/www.uniodontocampinas.com.br\/site\/wp-json\/wp\/v2\/posts\/313352\/revisions"}],"predecessor-version":[{"id":313362,"href":"https:\/\/www.uniodontocampinas.com.br\/site\/wp-json\/wp\/v2\/posts\/313352\/revisions\/313362"}],"wp:featuredmedia":[{"embeddable":true,"href":"https:\/\/www.uniodontocampinas.com.br\/site\/wp-json\/wp\/v2\/media\/313354"}],"wp:attachment":[{"href":"https:\/\/www.uniodontocampinas.com.br\/site\/wp-json\/wp\/v2\/media?parent=313352"}],"wp:term":[{"taxonomy":"category","embeddable":true,"href":"https:\/\/www.uniodontocampinas.com.br\/site\/wp-json\/wp\/v2\/categories?post=313352"},{"taxonomy":"post_tag","embeddable":true,"href":"https:\/\/www.uniodontocampinas.com.br\/site\/wp-json\/wp\/v2\/tags?post=313352"}],"curies":[{"name":"wp","href":"https:\/\/api.w.org\/{rel}","templated":true}]}}