{"id":2825,"date":"2020-08-12T14:34:10","date_gmt":"2020-08-12T17:34:10","guid":{"rendered":"https:\/\/uniodontocampinas.com.br\/?p=2825"},"modified":"2022-10-17T10:19:02","modified_gmt":"2022-10-17T13:19:02","slug":"6-problemas-bucais-associados-ao-estresse-e-a-ansiedade","status":"publish","type":"post","link":"https:\/\/www.uniodontocampinas.com.br\/site\/6-problemas-bucais-associados-ao-estresse-e-a-ansiedade\/","title":{"rendered":"6 problemas bucais associados ao estresse e \u00e0 ansiedade"},"content":{"rendered":"\n<p>A m\u00e1 higiene bucal \u00e9 uma das grandes respons\u00e1veis pelas doen\u00e7as que surgem na boca, mas problemas emocionais, como o estresse e a ansiedade, tamb\u00e9m podem prejudicar a sa\u00fade oral.<\/p>\n\n\n\n<p>Essa montanha-russa de emo\u00e7\u00f5es deixa o organismo mais vulner\u00e1vel a inflama\u00e7\u00f5es, infec\u00e7\u00f5es e doen\u00e7as no geral. Isso acontece porque o corpo libera horm\u00f4nios de forma descontrolada, entre eles o cortisol e a adrenalina, que podem afetar o sistema imunol\u00f3gico e reduzir as defesas do organismo.&nbsp;<\/p>\n\n\n\n<p>E como tudo isso afeta a sa\u00fade bucal? Veja abaixo 6 doen\u00e7as bucais que podem aparecer por conta do estresse ou ansiedade:<\/p>\n\n\n\n<h2 class=\"wp-block-heading\"><strong>Aftas<\/strong><\/h2>\n\n\n\n<p>A baixa imunidade causada pelo estresse pode fazer com que elas apare\u00e7am. S\u00e3o pequenas feridas com bordas vermelhas e centros esbranqui\u00e7ados que surgem na parte interna das bochechas e l\u00e1bios ou na l\u00edngua. Costumam ser doloridas e podem durar de 10 a 15 dias.<\/p>\n\n\n\n<h2 class=\"wp-block-heading\"><strong>Bruxismo<\/strong><\/h2>\n\n\n\n<p>A tens\u00e3o di\u00e1ria causada pelo estresse e a ansiedade est\u00e3o relacionadas ao desenvolvimento do bruxismo, ato de ranger ou apertar os dentes. A doen\u00e7a provoca dores na cabe\u00e7a, face e mand\u00edbula, al\u00e9m de amolecimento e desgaste nos dentes.<\/p>\n\n\n\n<h2 class=\"wp-block-heading\"><strong>Herpes labial<\/strong><\/h2>\n\n\n\n<p>Essa doen\u00e7a provoca pequenas bolhas nos l\u00e1bios, que depois viram feridas, podendo ser bem inc\u00f4moda, com coceira e ard\u00eancia. O v\u00edrus HSV-1, causador do herpes labial, vive escondido no corpo e aparece em situa\u00e7\u00f5es de baixa imunidade, como nos casos de estresse.<\/p>\n\n\n\n<h2 class=\"wp-block-heading\"><strong>Boca seca<\/strong><\/h2>\n\n\n\n<p>O estresse \u00e9 um dos principais fatores que provocam a xerostomia, conhecida popularmente por \u201cboca seca\u201d, pois ele diminui a produ\u00e7\u00e3o de saliva. O ressecamento da boca pode dificultar a mastiga\u00e7\u00e3o, a fala e ainda contribuir para o desenvolvimento de c\u00e1ries, mau h\u00e1lito e gengivite.<\/p>\n\n\n\n<h2 class=\"wp-block-heading\"><strong>C\u00e1ries<\/strong><\/h2>\n\n\n\n<p>A ansiedade e o estresse podem afetar os h\u00e1bitos das pessoas. Pode acontecer, por exemplo, que os cuidados com a higiene bucal sejam negligenciados e o consumo de doces aumente. Com isso, ocorre o ac\u00famulo de placa bacteriana, provocando o aparecimento de c\u00e1ries.<\/p>\n\n\n\n<h2 class=\"wp-block-heading\"><strong>Gengivite<\/strong><\/h2>\n\n\n\n<p>O estresse pode levar a inflama\u00e7\u00e3o na gengiva, provocando vermelhid\u00e3o, sangramento e mau h\u00e1lito. A gengivite \u00e9 causada pelo ac\u00famulo de placa bacteriana e, em casos de estresse, pode aparecer por causa da falta de cuidados com a higiene bucal, da baixa imunidade e da diminui\u00e7\u00e3o na produ\u00e7\u00e3o de saliva.<\/p>\n\n\n\n<p>Para evitar o aparecimento dessas doen\u00e7as, voc\u00ea deve tomar todos os cuidados com a higiene bucal &#8211; escova\u00e7\u00e3o di\u00e1ria e uso do fio dental &#8211; al\u00e9m de adotar uma rotina saud\u00e1vel, com uma boa alimenta\u00e7\u00e3o, exerc\u00edcios f\u00edsicos, boas noites de sono e atividades prazerosas.<\/p>\n\n\n\n<p>Se perceber qualquer uma dessas altera\u00e7\u00f5es, procure o seu dentista. Ele poder\u00e1 identificar as causas do problema e indicar o tratamento adequado, inclusive um atendimento multidisciplinar com um m\u00e9dico ou psic\u00f3logo.<\/p>\n\n\n\n<figure class=\"wp-block-image\"><a href=\"https:\/\/materiais.uniodontocampinasonline.com.br\/odontologia-sistemica\" target=\"_blank\" rel=\"noreferrer noopener nofollow\"><img fetchpriority=\"high\" decoding=\"async\" width=\"832\" height=\"126\" src=\"https:\/\/uniodontocampinas.com.br\/site\/wp-content\/uploads\/2020\/03\/20135_banners-blogpost_2.png\" alt=\"\" class=\"wp-image-1140\" srcset=\"https:\/\/www.uniodontocampinas.com.br\/site\/wp-content\/uploads\/2020\/03\/20135_banners-blogpost_2.png 832w, https:\/\/www.uniodontocampinas.com.br\/site\/wp-content\/uploads\/2020\/03\/20135_banners-blogpost_2-300x45.png 300w, https:\/\/www.uniodontocampinas.com.br\/site\/wp-content\/uploads\/2020\/03\/20135_banners-blogpost_2-768x116.png 768w\" sizes=\"(max-width: 832px) 100vw, 832px\" \/><\/a><\/figure>\n","protected":false},"excerpt":{"rendered":"<p>A m\u00e1 higiene bucal \u00e9 uma das grandes respons\u00e1veis pelas doen\u00e7as que surgem na boca, mas problemas emocionais, como o estresse e a ansiedade, tamb\u00e9m podem prejudicar a sa\u00fade oral. Essa montanha-russa de emo\u00e7\u00f5es deixa o organismo mais vulner\u00e1vel a inflama\u00e7\u00f5es, infec\u00e7\u00f5es e doen\u00e7as no geral. Isso acontece porque o corpo libera horm\u00f4nios de forma [&hellip;]<\/p>\n","protected":false},"author":1,"featured_media":2827,"comment_status":"open","ping_status":"open","sticky":false,"template":"","format":"standard","meta":{"_acf_changed":false,"inline_featured_image":false,"footnotes":""},"categories":[17],"tags":[122,143],"class_list":["post-2825","post","type-post","status-publish","format-standard","has-post-thumbnail","hentry","category-problemas-bucais","tag-ansiedade","tag-estresse"],"acf":[],"_links":{"self":[{"href":"https:\/\/www.uniodontocampinas.com.br\/site\/wp-json\/wp\/v2\/posts\/2825","targetHints":{"allow":["GET"]}}],"collection":[{"href":"https:\/\/www.uniodontocampinas.com.br\/site\/wp-json\/wp\/v2\/posts"}],"about":[{"href":"https:\/\/www.uniodontocampinas.com.br\/site\/wp-json\/wp\/v2\/types\/post"}],"author":[{"embeddable":true,"href":"https:\/\/www.uniodontocampinas.com.br\/site\/wp-json\/wp\/v2\/users\/1"}],"replies":[{"embeddable":true,"href":"https:\/\/www.uniodontocampinas.com.br\/site\/wp-json\/wp\/v2\/comments?post=2825"}],"version-history":[{"count":0,"href":"https:\/\/www.uniodontocampinas.com.br\/site\/wp-json\/wp\/v2\/posts\/2825\/revisions"}],"wp:featuredmedia":[{"embeddable":true,"href":"https:\/\/www.uniodontocampinas.com.br\/site\/wp-json\/wp\/v2\/media\/2827"}],"wp:attachment":[{"href":"https:\/\/www.uniodontocampinas.com.br\/site\/wp-json\/wp\/v2\/media?parent=2825"}],"wp:term":[{"taxonomy":"category","embeddable":true,"href":"https:\/\/www.uniodontocampinas.com.br\/site\/wp-json\/wp\/v2\/categories?post=2825"},{"taxonomy":"post_tag","embeddable":true,"href":"https:\/\/www.uniodontocampinas.com.br\/site\/wp-json\/wp\/v2\/tags?post=2825"}],"curies":[{"name":"wp","href":"https:\/\/api.w.org\/{rel}","templated":true}]}}