{"id":26606,"date":"2023-07-06T09:57:02","date_gmt":"2023-07-06T12:57:02","guid":{"rendered":"https:\/\/uniodontocampinas.com.br\/?p=26606"},"modified":"2023-07-06T09:57:03","modified_gmt":"2023-07-06T12:57:03","slug":"como-a-perda-de-dentes-afeta-a-saude-geral-do-corpo","status":"publish","type":"post","link":"https:\/\/www.uniodontocampinas.com.br\/site\/como-a-perda-de-dentes-afeta-a-saude-geral-do-corpo\/","title":{"rendered":"Como a perda de dentes afeta a sa\u00fade geral do corpo"},"content":{"rendered":"\n<p style=\"font-size:16px\"><em>A perda dent\u00e1ria traz consequ\u00eancias negativas em v\u00e1rios aspectos da sa\u00fade. \u00c9 preciso entender o problema e agir preventivamente.<\/em><\/p>\n\n\n\n<p><\/p>\n\n\n\n<p style=\"font-size:16px\">Ter uma boa sa\u00fade tem rela\u00e7\u00e3o direta com m\u00faltiplos fatores \u2013 n\u00e3o apenas com as condi\u00e7\u00f5es f\u00edsicas de um indiv\u00edduo. O conceito de sa\u00fade abrange aspectos socioambientais, f\u00edsicos e emocionais. Dentro dessa defini\u00e7\u00e3o, a boa sa\u00fade bucal se relaciona com esses tr\u00eas aspectos e, muitas vezes, indica que aquela pessoa est\u00e1 inserida em uma condi\u00e7\u00e3o de equil\u00edbrio.<\/p>\n\n\n\n<p style=\"font-size:16px\">A perda de um ou mais dentes, sobretudo em posi\u00e7\u00f5es mais vis\u00edveis na boca, n\u00e3o apenas prejudica a funcionalidade bucal, mas traz constrangimento, diminui\u00e7\u00e3o de oportunidades e at\u00e9 isolamento.<\/p>\n\n\n\n<p style=\"font-size:16px\">Vamos analisar mais detalhes das consequ\u00eancias da perda dental.<\/p>\n\n\n\n<p><\/p>\n\n\n\n<h2 class=\"has-medium-font-size wp-block-heading\">Problemas na mastiga\u00e7\u00e3o<\/h2>\n\n\n\n<p style=\"font-size:16px\">A perda de um \u00fanico dente sem a devida substitui\u00e7\u00e3o causa um desequil\u00edbrio global na sa\u00fade bucal, a come\u00e7ar pelo ato de mastigar e morder. O espa\u00e7o aberto pela perda dental prejudica a mastiga\u00e7\u00e3o, provocando uma compensa\u00e7\u00e3o do esfor\u00e7o nos dentes pr\u00f3ximos ou mesmo levando ao v\u00edcio de mastigar sempre do lado oposto ao da perda.&nbsp;<\/p>\n\n\n\n<p>Nesse caso, h\u00e1 uma sobrecarga na musculatura, levando a outros problemas, como a mordida cruzada, assimetria facial, dores musculares e articulares.<\/p>\n\n\n\n<p><\/p>\n\n\n\n<h2 class=\"has-medium-font-size wp-block-heading\">Problemas digestivos<\/h2>\n\n\n\n<p style=\"font-size:16px\">A perda dental tem rela\u00e7\u00e3o direta com problemas de digest\u00e3o. Se os alimentos n\u00e3o passam por uma tritura\u00e7\u00e3o eficiente, a pessoa passa a engolir peda\u00e7os maiores do alimento. Quando esses peda\u00e7os chegam ao est\u00f4mago, o sistema digest\u00f3rio precisa trabalhar mais, liberando mais \u00e1cido. Invariavelmente, a pessoa passar\u00e1 a sentir azia e refluxos, ter\u00e1 m\u00e1 absor\u00e7\u00e3o de nutrientes e at\u00e9 dores abdominais.<\/p>\n\n\n\n<p><\/p>\n\n\n\n<h2 class=\"has-medium-font-size wp-block-heading\">Aumento de peso corporal<\/h2>\n\n\n\n<p style=\"font-size:16px\">Quando a mastiga\u00e7\u00e3o \u00e9 ineficiente, a pessoa acaba engolindo a comida cada vez mais r\u00e1pido, diminuindo a sensa\u00e7\u00e3o de saciedade. A saciedade est\u00e1 intimamente relacionada a uma mastiga\u00e7\u00e3o cuidadosa, que \u00e9 a primeira fase da digest\u00e3o do alimento. Quanto menos saciada a pessoa se sente, maior ser\u00e1 a quantidade de alimentos que comer\u00e1.<\/p>\n\n\n\n<p><\/p>\n\n\n\n<h2 class=\"has-medium-font-size wp-block-heading\">Reabsor\u00e7\u00e3o \u00f3ssea<\/h2>\n\n\n\n<p style=\"font-size:16px\">A forma\u00e7\u00e3o dental \u00e9 composta pelo osso que d\u00e1 sustenta\u00e7\u00e3o ao dente e \u00e0 gengiva. Ao perder um ou mais dentes, o osso de sustenta\u00e7\u00e3o perde sua finalidade e o corpo passa a reabsorv\u00ea-lo. Esse processo pode acontecer de maneiras e velocidades diferentes em cada pessoa, mas as consequ\u00eancias costumam ser o aumento da sensibilidade no local, sangramentos e o desenvolvimento de doen\u00e7as periodontais.<\/p>\n\n\n\n<p><\/p>\n\n\n\n<h2 class=\"has-medium-font-size wp-block-heading\">Deslocamento dental<\/h2>\n\n\n\n<p style=\"font-size:16px\">A perda de dentes provoca um movimento de compensa\u00e7\u00e3o nos dentes pr\u00f3ximos ao espa\u00e7o vazio. Os dentes passam a se deslocar para cobrir a perda, causando desalinhamento em efeito domin\u00f3.<\/p>\n\n\n\n<p><\/p>\n\n\n\n<h1 class=\"has-medium-font-size wp-block-heading\">Como tratar a perda dent\u00e1ria<\/h1>\n\n\n\n<p style=\"font-size:16px\">As visitas peri\u00f3dicas ao cirurgi\u00e3o-dentista j\u00e1 s\u00e3o capazes de detectar precocemente doen\u00e7as dentais que t\u00eam como consequ\u00eancia a perda de dentes. Caso o problema j\u00e1 esteja em andamento, h\u00e1 tratamentos capazes de reverter o problema. O recomendado \u00e9 ir a uma consulta assim que a perda dental acontecer.<\/p>\n\n\n\n<p style=\"font-size:16px\">A substitui\u00e7\u00e3o pode ser realizada por meio de pr\u00f3teses, pontes e implantes dent\u00e1rios. As pr\u00f3teses e pontes dent\u00e1rias podem ser parciais, com a fun\u00e7\u00e3o de preencher o espa\u00e7o deixado pela perda. Isso impedir\u00e1 a movimenta\u00e7\u00e3o dos outros dentes. J\u00e1 os implantes dent\u00e1rios s\u00e3o anexados por meio de um pino cir\u00fargico fixado na mand\u00edbula.<\/p>\n\n\n\n<p style=\"font-size:16px\">Cada caso depender\u00e1 da condi\u00e7\u00e3o da sa\u00fade bucal da pessoa. O importante \u00e9 ter em mente que o problema pode, sim, ser resolvido e, quanto mais r\u00e1pida for a interven\u00e7\u00e3o, melhores s\u00e3o as condi\u00e7\u00f5es do tratamento.<\/p>\n\n\n\n<p><\/p>\n","protected":false},"excerpt":{"rendered":"<p>A perda dent\u00e1ria traz consequ\u00eancias negativas em v\u00e1rios aspectos da sa\u00fade. \u00c9 preciso entender o problema e agir preventivamente. Ter uma boa sa\u00fade tem rela\u00e7\u00e3o direta com m\u00faltiplos fatores \u2013 n\u00e3o apenas com as condi\u00e7\u00f5es f\u00edsicas de um indiv\u00edduo. O conceito de sa\u00fade abrange aspectos socioambientais, f\u00edsicos e emocionais. Dentro dessa defini\u00e7\u00e3o, a boa sa\u00fade [&hellip;]<\/p>\n","protected":false},"author":1,"featured_media":26607,"comment_status":"open","ping_status":"open","sticky":false,"template":"","format":"standard","meta":{"_acf_changed":false,"inline_featured_image":false,"footnotes":""},"categories":[17],"tags":[220,219,221],"class_list":["post-26606","post","type-post","status-publish","format-standard","has-post-thumbnail","hentry","category-problemas-bucais","tag-dentes-caindo","tag-perda-dental","tag-perder-dente"],"acf":[],"_links":{"self":[{"href":"https:\/\/www.uniodontocampinas.com.br\/site\/wp-json\/wp\/v2\/posts\/26606","targetHints":{"allow":["GET"]}}],"collection":[{"href":"https:\/\/www.uniodontocampinas.com.br\/site\/wp-json\/wp\/v2\/posts"}],"about":[{"href":"https:\/\/www.uniodontocampinas.com.br\/site\/wp-json\/wp\/v2\/types\/post"}],"author":[{"embeddable":true,"href":"https:\/\/www.uniodontocampinas.com.br\/site\/wp-json\/wp\/v2\/users\/1"}],"replies":[{"embeddable":true,"href":"https:\/\/www.uniodontocampinas.com.br\/site\/wp-json\/wp\/v2\/comments?post=26606"}],"version-history":[{"count":0,"href":"https:\/\/www.uniodontocampinas.com.br\/site\/wp-json\/wp\/v2\/posts\/26606\/revisions"}],"wp:featuredmedia":[{"embeddable":true,"href":"https:\/\/www.uniodontocampinas.com.br\/site\/wp-json\/wp\/v2\/media\/26607"}],"wp:attachment":[{"href":"https:\/\/www.uniodontocampinas.com.br\/site\/wp-json\/wp\/v2\/media?parent=26606"}],"wp:term":[{"taxonomy":"category","embeddable":true,"href":"https:\/\/www.uniodontocampinas.com.br\/site\/wp-json\/wp\/v2\/categories?post=26606"},{"taxonomy":"post_tag","embeddable":true,"href":"https:\/\/www.uniodontocampinas.com.br\/site\/wp-json\/wp\/v2\/tags?post=26606"}],"curies":[{"name":"wp","href":"https:\/\/api.w.org\/{rel}","templated":true}]}}