{"id":238610,"date":"2025-07-18T13:38:38","date_gmt":"2025-07-18T16:38:38","guid":{"rendered":"https:\/\/uniodontocampinas.com.br\/?p=238610"},"modified":"2025-07-18T13:41:27","modified_gmt":"2025-07-18T16:41:27","slug":"torus-palatino-o-que-e-causas-sintomas-e-opcoes-de-tratamento","status":"publish","type":"post","link":"https:\/\/www.uniodontocampinas.com.br\/site\/torus-palatino-o-que-e-causas-sintomas-e-opcoes-de-tratamento\/","title":{"rendered":"T\u00f3rus palatino: o que \u00e9, causas, sintomas e op\u00e7\u00f5es de tratamento"},"content":{"rendered":"\n<p>O palato, conhecido como c\u00e9u da boca, \u00e9 uma estrutura \u00f3ssea recoberta por tecido mole que desempenha fun\u00e7\u00f5es importantes na fala, na mastiga\u00e7\u00e3o e na degluti\u00e7\u00e3o. Normalmente apresenta uma forma c\u00f4ncava e regular, mas algumas pessoas podem desenvolver pequenos n\u00f3dulos \u00f3sseos na linha m\u00e9dia do palato, uma condi\u00e7\u00e3o conhecida como t\u00f3rus palatino.&nbsp;<\/p>\n\n\n\n<h1 class=\"wp-block-heading\"><strong>Afinal, o que \u00e9 t\u00f3rus palatino?<\/strong><\/h1>\n\n\n\n<p>O t\u00f3rus palatino \u00e9 uma protuber\u00e2ncia \u00f3ssea que se forma na regi\u00e3o central do palato, popularmente conhecido como c\u00e9u da boca. Ele se apresenta como um n\u00f3dulo r\u00edgido, semelhante a um calo \u00f3sseo, e \u00e9, na maioria das vezes, uma condi\u00e7\u00e3o benigna que n\u00e3o requer interven\u00e7\u00e3o cir\u00fargica.&nbsp;<\/p>\n\n\n\n<p>No entanto, \u00e9 fundamental realizar uma avalia\u00e7\u00e3o cl\u00ednica precisa, pois existem outras les\u00f5es nodulares ou tumorais que podem surgir na mesma \u00e1rea e representar risco \u00e0 sa\u00fade do paciente, inclusive com potencial maligno. Embora o nome possa parecer complicado, trata-se de uma condi\u00e7\u00e3o simples, benigna e geralmente indolor.<\/p>\n\n\n\n<h2 class=\"wp-block-heading\">Tipos de n\u00f3dulos<\/h2>\n\n\n\n<p>Os n\u00f3dulos podem surgir isoladamente ou em m\u00faltiplos pontos, apresentando formatos variados. De acordo com a revista da <em>American Osteopathic Association<\/em>, esses crescimentos \u00f3sseos podem ter contornos regulares ou irregulares e se manifestar de modo plano, em formato alongado ou nodular.<\/p>\n\n\n\n<h2 class=\"wp-block-heading\">De onde vem essa condi\u00e7\u00e3o?<\/h2>\n\n\n\n<p>Estima-se que o t\u00f3rus palatino afete de 20% a 30% da popula\u00e7\u00e3o mundial, sendo mais comum entre mulheres. As causas exatas do t\u00f3rus palatino ainda n\u00e3o s\u00e3o totalmente compreendidas, mas estudos indicam que fatores gen\u00e9ticos e traumas locais est\u00e3o entre os principais influenciadores. Pesquisas apontam uma forte predisposi\u00e7\u00e3o heredit\u00e1ria, j\u00e1 que a condi\u00e7\u00e3o costuma ocorrer com frequ\u00eancia dentro da mesma fam\u00edlia.&nbsp;<\/p>\n\n\n\n<p>Al\u00e9m disso, impactos repetitivos na regi\u00e3o \u2014 como les\u00f5es ou h\u00e1bitos como o bruxismo \u2014 tamb\u00e9m podem contribuir para o desenvolvimento dos crescimentos \u00f3sseos. De qualquer forma, \u00e9 importante que voc\u00ea procure um profissional para consultar. A <a href=\"https:\/\/uniodontocampinas.com.br\/\">Uniodonto Campinas<\/a> conta com especialistas para realizar o seu tratamento.&nbsp;<\/p>\n\n\n\n<h2 class=\"wp-block-heading\">Descubra como prosseguir com o tratamento<\/h2>\n\n\n\n<p>No geral, especialistas desaconselham a remo\u00e7\u00e3o dos crescimentos, pois n\u00e3o costumam trazer grandes complica\u00e7\u00f5es. Por\u00e9m alguns casos requerem essa aten\u00e7\u00e3o.<\/p>\n\n\n\n<p>A remo\u00e7\u00e3o cir\u00fargica do t\u00f3rus palatino \u00e9 indicada apenas quando a condi\u00e7\u00e3o come\u00e7a a impactar negativamente a rotina do paciente. Em casos de reabilita\u00e7\u00e3o oral, por exemplo, a protuber\u00e2ncia pode ser utilizada como \u00e1rea doadora para enxertos \u00f3sseos em procedimentos de implantes dent\u00e1rios \u2014 o que torna a remo\u00e7\u00e3o funcional e estrat\u00e9gica.<\/p>\n\n\n\n<p>Al\u00e9m disso, a cirurgia pode ser recomendada quando o crescimento \u00f3sseo interfere na adapta\u00e7\u00e3o de pr\u00f3teses, dificultando o encaixe adequado das mesmas. Tamb\u00e9m \u00e9 considerada necess\u00e1ria se houver comprometimento na mastiga\u00e7\u00e3o, na degluti\u00e7\u00e3o de l\u00edquidos, na fala ou at\u00e9 mesmo na higieniza\u00e7\u00e3o oral. Em m\u00fasicos, o t\u00f3rus pode atrapalhar a correta embocadura de instrumentos de sopro, o que tamb\u00e9m justifica a remo\u00e7\u00e3o.<\/p>\n\n\n\n<h5 class=\"wp-block-heading\"><em>Para mais conte\u00fados como este, acesse o nosso <\/em><a href=\"https:\/\/uniodontocampinas.com.br\/blog\/\"><em>blog<\/em><\/a><em> e descubra como a Uniodonto inova na odontologia cooperativista!<\/em><\/h5>\n\n\n\n<p><\/p>\n","protected":false},"excerpt":{"rendered":"<p>Descubra o que \u00e9 t\u00f3rus palatino, suas causas, sintomas, poss\u00edveis complica\u00e7\u00f5es e os tratamentos indicados para essa protuber\u00e2ncia \u00f3ssea no c\u00e9u da boca.<\/p>\n","protected":false},"author":4,"featured_media":238613,"comment_status":"open","ping_status":"open","sticky":false,"template":"","format":"standard","meta":{"_acf_changed":false,"inline_featured_image":false,"footnotes":""},"categories":[17],"tags":[],"class_list":["post-238610","post","type-post","status-publish","format-standard","has-post-thumbnail","hentry","category-problemas-bucais"],"acf":[],"_links":{"self":[{"href":"https:\/\/www.uniodontocampinas.com.br\/site\/wp-json\/wp\/v2\/posts\/238610","targetHints":{"allow":["GET"]}}],"collection":[{"href":"https:\/\/www.uniodontocampinas.com.br\/site\/wp-json\/wp\/v2\/posts"}],"about":[{"href":"https:\/\/www.uniodontocampinas.com.br\/site\/wp-json\/wp\/v2\/types\/post"}],"author":[{"embeddable":true,"href":"https:\/\/www.uniodontocampinas.com.br\/site\/wp-json\/wp\/v2\/users\/4"}],"replies":[{"embeddable":true,"href":"https:\/\/www.uniodontocampinas.com.br\/site\/wp-json\/wp\/v2\/comments?post=238610"}],"version-history":[{"count":4,"href":"https:\/\/www.uniodontocampinas.com.br\/site\/wp-json\/wp\/v2\/posts\/238610\/revisions"}],"predecessor-version":[{"id":238617,"href":"https:\/\/www.uniodontocampinas.com.br\/site\/wp-json\/wp\/v2\/posts\/238610\/revisions\/238617"}],"wp:featuredmedia":[{"embeddable":true,"href":"https:\/\/www.uniodontocampinas.com.br\/site\/wp-json\/wp\/v2\/media\/238613"}],"wp:attachment":[{"href":"https:\/\/www.uniodontocampinas.com.br\/site\/wp-json\/wp\/v2\/media?parent=238610"}],"wp:term":[{"taxonomy":"category","embeddable":true,"href":"https:\/\/www.uniodontocampinas.com.br\/site\/wp-json\/wp\/v2\/categories?post=238610"},{"taxonomy":"post_tag","embeddable":true,"href":"https:\/\/www.uniodontocampinas.com.br\/site\/wp-json\/wp\/v2\/tags?post=238610"}],"curies":[{"name":"wp","href":"https:\/\/api.w.org\/{rel}","templated":true}]}}