{"id":19712,"date":"2023-05-10T13:32:03","date_gmt":"2023-05-10T16:32:03","guid":{"rendered":"https:\/\/uniodontocampinas.com.br\/?p=19712"},"modified":"2023-05-10T13:32:46","modified_gmt":"2023-05-10T16:32:46","slug":"a-falta-de-saude-bucal-pode-prejudicar-sua-carreira%ef%bf%bc","status":"publish","type":"post","link":"https:\/\/www.uniodontocampinas.com.br\/site\/a-falta-de-saude-bucal-pode-prejudicar-sua-carreira%ef%bf%bc\/","title":{"rendered":"A falta de sa\u00fade bucal pode prejudicar sua carreira"},"content":{"rendered":"\n<p style=\"font-size:16px\"><em>O cuidado com a sa\u00fade bucal pode ser um fator de desempate no momento de fechar um neg\u00f3cio ou promover uma pessoa. Saiba como ele pode afetar suas rela\u00e7\u00f5es profissionais.<\/em><\/p>\n\n\n\n<p><\/p>\n\n\n\n<p style=\"font-size:16px\">Quando falamos em marca, logo pensamos em empresas ou grandes corpora\u00e7\u00f5es, mas a verdade \u00e9 que as pessoas tamb\u00e9m representam uma marca: a sua pr\u00f3pria. Dentro desse conceito, podemos dizer que uma pessoa com forte marca pessoal se distingue de modo positivo e atrai as melhores oportunidades para si. Isso \u00e9 conquistado pela consist\u00eancia de uma s\u00e9rie de qualidades, incluindo a sa\u00fade bucal.<\/p>\n\n\n\n<p style=\"font-size:16px\">Todos sabemos que o sorriso abre portas, mas isso \u00e9 verdade at\u00e9 certo ponto: um sorriso com dentes malcuidados pode levantar muitas quest\u00f5es. Um sorriso muito amarelo e com placas de t\u00e1rtaro aparente traz julgamentos de todos os tipos, desde a falta de condi\u00e7\u00f5es financeiras para tratar um problema antigo at\u00e9 a falta de cuidado pessoal.<\/p>\n\n\n\n<p style=\"font-size:16px\">E se a quest\u00e3o \u00e9 adiar algo t\u00e3o importante quanto o cuidado com a pr\u00f3pria sa\u00fade bucal, ser\u00e1 que esse profissional entender\u00e1 o que \u00e9 prioridade para o cliente? Fica a pergunta para a reflex\u00e3o.<\/p>\n\n\n\n<p style=\"font-size:16px\">A falta de cuidado com a sa\u00fade bucal pode prejudicar conversas e negocia\u00e7\u00f5es pr\u00f3ximas, principalmente quando um dos interlocutores sofre com halitose. Algumas pessoas, embora saibam ter o problema, muitas vezes n\u00e3o entendem a gravidade do pr\u00f3prio quadro. De qualquer forma, em se tratando de neg\u00f3cios, n\u00e3o h\u00e1 muita toler\u00e2ncia para uma conversa mais longa com pessoas portadoras dessa condi\u00e7\u00e3o. E essa quest\u00e3o afeta pessoas em todos os n\u00edveis hier\u00e1rquicos, causando algumas situa\u00e7\u00f5es constrangedoras.<\/p>\n\n\n\n<p style=\"font-size:16px\">Muitos podem argumentar que a maior parte dos contatos \u00e9 feita hoje por meio de dispositivos eletr\u00f4nicos, mas isso \u00e9 apenas uma desculpa para continuar ignorando um aspecto t\u00e3o importante da sa\u00fade bucal. Afinal de contas, a halitose pode ser um sintoma de problemas mais profundos, <a href=\"https:\/\/uniodontocampinas.com.br\/blog\/de-onde-vem-o-mau-halito\/\">conforme falamos aqui neste artigo.<\/a> E, para acrescentar, grandes neg\u00f3cios s\u00e3o fechados com um aperto de m\u00e3o e a assinatura de contratos. N\u00e3o devemos subestimar esse fato.<\/p>\n\n\n\n<p style=\"font-size:16px\">Outro ponto de aten\u00e7\u00e3o sobre o cuidado com a sa\u00fade bucal est\u00e1 relacionado a problemas que prejudicam a funcionalidade da pessoa. Dores ocasionadas por c\u00e1ries, quest\u00f5es mandibulares ou outros problemas dent\u00e1rios tornam dif\u00edcil a vida de qualquer pessoa. H\u00e1 uma sens\u00edvel baixa na concentra\u00e7\u00e3o e as intera\u00e7\u00f5es ficam prejudicadas, e essas dores s\u00e3o uma das principais raz\u00f5es para aus\u00eancias no trabalho. Imagine precisar faltar no meio de uma negocia\u00e7\u00e3o importante.<\/p>\n\n\n\n<p style=\"font-size:16px\">Um ponto muito importante a ser levado em considera\u00e7\u00e3o \u00e9 a manuten\u00e7\u00e3o da autoconfian\u00e7a. Quanto mais confiantes, melhor desenvolvemos nossas rela\u00e7\u00f5es interpessoais, tanto no ambiente particular quanto no profissional. A autoestima ajuda a pessoa a se envolver em mais atividades, torna as rela\u00e7\u00f5es mais leves e elimina uma s\u00e9rie de ansiedades geradas pela falta de autocuidado. Nas rela\u00e7\u00f5es profissionais estamos sob observa\u00e7\u00e3o o tempo todo \u2013 e s\u00e3o nos detalhes que algu\u00e9m conquista melhores posi\u00e7\u00f5es dentro de uma empresa.<\/p>\n\n\n\n<p style=\"font-size:16px\">Se voc\u00ea se identificou com este artigo, considere come\u00e7ar a cuidar de sua sa\u00fade bucal. Muitos cirurgi\u00f5es-dentistas planejam tratamentos em etapas, considerando o tempo e a disponibilidade financeira de seus pacientes. Agende uma consulta agora mesmo.<\/p>\n","protected":false},"excerpt":{"rendered":"<p>O cuidado com a sa\u00fade bucal pode ser um fator de desempate no momento de fechar um neg\u00f3cio ou promover uma pessoa. Saiba como ele pode afetar suas rela\u00e7\u00f5es profissionais. Quando falamos em marca, logo pensamos em empresas ou grandes corpora\u00e7\u00f5es, mas a verdade \u00e9 que as pessoas tamb\u00e9m representam uma marca: a sua pr\u00f3pria. [&hellip;]<\/p>\n","protected":false},"author":1,"featured_media":19714,"comment_status":"open","ping_status":"open","sticky":false,"template":"","format":"standard","meta":{"_acf_changed":false,"inline_featured_image":false,"footnotes":""},"categories":[15],"tags":[216],"class_list":["post-19712","post","type-post","status-publish","format-standard","has-post-thumbnail","hentry","category-dicas-de-saude","tag-saude-bucal-2"],"acf":[],"_links":{"self":[{"href":"https:\/\/www.uniodontocampinas.com.br\/site\/wp-json\/wp\/v2\/posts\/19712","targetHints":{"allow":["GET"]}}],"collection":[{"href":"https:\/\/www.uniodontocampinas.com.br\/site\/wp-json\/wp\/v2\/posts"}],"about":[{"href":"https:\/\/www.uniodontocampinas.com.br\/site\/wp-json\/wp\/v2\/types\/post"}],"author":[{"embeddable":true,"href":"https:\/\/www.uniodontocampinas.com.br\/site\/wp-json\/wp\/v2\/users\/1"}],"replies":[{"embeddable":true,"href":"https:\/\/www.uniodontocampinas.com.br\/site\/wp-json\/wp\/v2\/comments?post=19712"}],"version-history":[{"count":0,"href":"https:\/\/www.uniodontocampinas.com.br\/site\/wp-json\/wp\/v2\/posts\/19712\/revisions"}],"wp:featuredmedia":[{"embeddable":true,"href":"https:\/\/www.uniodontocampinas.com.br\/site\/wp-json\/wp\/v2\/media\/19714"}],"wp:attachment":[{"href":"https:\/\/www.uniodontocampinas.com.br\/site\/wp-json\/wp\/v2\/media?parent=19712"}],"wp:term":[{"taxonomy":"category","embeddable":true,"href":"https:\/\/www.uniodontocampinas.com.br\/site\/wp-json\/wp\/v2\/categories?post=19712"},{"taxonomy":"post_tag","embeddable":true,"href":"https:\/\/www.uniodontocampinas.com.br\/site\/wp-json\/wp\/v2\/tags?post=19712"}],"curies":[{"name":"wp","href":"https:\/\/api.w.org\/{rel}","templated":true}]}}