{"id":13450,"date":"2023-03-21T18:22:30","date_gmt":"2023-03-21T21:22:30","guid":{"rendered":"https:\/\/uniodontocampinas.com.br\/?p=13450"},"modified":"2023-03-21T18:23:05","modified_gmt":"2023-03-21T21:23:05","slug":"gengivite-conheca-as-causas-e-saiba-como-tratar","status":"publish","type":"post","link":"https:\/\/www.uniodontocampinas.com.br\/site\/gengivite-conheca-as-causas-e-saiba-como-tratar\/","title":{"rendered":"Gengivite: conhe\u00e7a as causas e saiba como tratar"},"content":{"rendered":"\n<p style=\"font-size:16px\">A gengivite \u00e9 uma inflama\u00e7\u00e3o na gengiva causada pela placa bacteriana decorrente da m\u00e1 higiene bucal. Aprenda a reconhecer e prevenir o problema.<\/p>\n\n\n\n<p style=\"font-size:16px\">Entre as doen\u00e7as que mais afetam a sa\u00fade bucal, a gengivite \u00e9 uma das mais recorrentes, impactando pessoas de v\u00e1rias faixas et\u00e1rias. A falta do uso de fio dental e a m\u00e1 escova\u00e7\u00e3o criam um ambiente ideal para a forma\u00e7\u00e3o de placas bacterianas, deixando a boca suscet\u00edvel a inflama\u00e7\u00f5es.<\/p>\n\n\n\n<p style=\"font-size:16px\">A inflama\u00e7\u00e3o das gengivas acontece na regi\u00e3o mais pr\u00f3xima aos dentes e causa uma s\u00e9rie de transtornos, podendo evoluir at\u00e9 para problemas mais s\u00e9rios, como a periodontite. Hoje, vamos saber as principais caracter\u00edsticas da gengivite e como trat\u00e1-la.<\/p>\n\n\n\n<h1 class=\"has-medium-font-size wp-block-heading\"><strong>Causa e principais sintomas da gengivite<\/strong><\/h1>\n\n\n\n<p style=\"font-size:16px\">Quando nos alimentamos, alguns res\u00edduos permanecem entre nossos dentes e na boca de maneira geral. As bact\u00e9rias que habitam naturalmente nossa boca se alimentam desses res\u00edduos que, em quantidades controladas, n\u00e3o causam nenhum problema. No caso da m\u00e1 higieniza\u00e7\u00e3o bucal, esses restos de alimentos ajudam as bact\u00e9rias a se proliferarem excessivamente, liberando subst\u00e2ncias prejudiciais \u00e0 sa\u00fade bucal.<\/p>\n\n\n\n<p style=\"font-size:16px\">A inflama\u00e7\u00e3o nada mais \u00e9 do que uma resposta do nosso sistema imunol\u00f3gico \u00e0 a\u00e7\u00e3o dessa grande col\u00f4nia de bact\u00e9rias. Nesse ponto, o primeiro passo \u00e9 reconhecer como a gengivite se apresenta para, ent\u00e3o, come\u00e7ar a tomar as medidas necess\u00e1rias para seu combate.<\/p>\n\n\n\n<p style=\"font-size:16px\">Os sintomas da inflama\u00e7\u00e3o gengival s\u00e3o bem evidentes, e entre eles podemos citar:<\/p>\n\n\n\n<ul class=\"wp-block-list\" style=\"font-size:16px\"><li>Sangramento nas gengivas ao escovar os dentes ou no uso do fio dental<\/li><li>Incha\u00e7o, dor e vermelhid\u00e3o das gengivas<\/li><li>Retra\u00e7\u00e3o gengival<\/li><li>Mau h\u00e1lito<\/li><\/ul>\n\n\n\n<p style=\"font-size:16px\">Esses sintomas cl\u00e1ssicos s\u00e3o precedidos, geralmente, pela forma\u00e7\u00e3o de placas bacterianas na base dos dentes, que v\u00e3o contaminando a gengiva dia ap\u00f3s dia. Caso nenhuma medida seja tomada, os sintomas e o processo inflamat\u00f3rio v\u00e3o se intensificando, ao mesmo tempo que a placa bacteriana pode ir se desenvolvendo at\u00e9 as ra\u00edzes dos dentes, gerando um problema bucal ainda mais grave.<\/p>\n\n\n\n<p style=\"font-size:16px\">Pessoas portadoras de diabetes est\u00e3o mais vulner\u00e1veis a um quadro de gengivite, uma vez que a microcircula\u00e7\u00e3o gengival e complica\u00e7\u00f5es na cicatriza\u00e7\u00e3o podem facilitar o desenvolvimento do problema. Gestantes tamb\u00e9m podem ficar mais suscet\u00edveis ao problema. Em ambos os casos, os cuidados com a higiene bucal devem ser refor\u00e7ados.<\/p>\n\n\n\n<p style=\"font-size:16px\">Al\u00e9m dos casos relacionados ao ac\u00famulo de bact\u00e9rias, a gengivite pode ser desencadeada por outras raz\u00f5es, como rea\u00e7\u00f5es al\u00e9rgicas, herpes, alguns tipos de medicamentos e a rara gengivite ulcerativa necrosante, capaz de desenvolver feridas e severo desgaste nas gengivas.<\/p>\n\n\n\n<p class=\"has-medium-font-size\"><strong>Como prevenir a gengivite<\/strong><\/p>\n\n\n\n<p style=\"font-size:16px\">Ao observar os primeiros sintomas de gengivite, o ideal \u00e9 fazer uma revis\u00e3o na higiene bucal. Muitas vezes, as pessoas escovam os dentes enquanto realizam outras atividades, o que certamente vai impedir uma higieniza\u00e7\u00e3o correta. O fio dental tamb\u00e9m precisa ser passado do modo certo, sempre ap\u00f3s as refei\u00e7\u00f5es.<\/p>\n\n\n\n<p style=\"font-size:16px\">A ingest\u00e3o de \u00e1gua na quantidade correta tamb\u00e9m contribui para a manuten\u00e7\u00e3o da sa\u00fade bucal, uma vez que ajuda a dispersar as bact\u00e9rias bucais, al\u00e9m de auxiliar na produ\u00e7\u00e3o de saliva.<\/p>\n\n\n\n<p style=\"font-size:16px\">Caso os sintomas sejam persistentes, um cirurgi\u00e3o-dentista deve ser imediatamente consultado para analisar a situa\u00e7\u00e3o e prescrever o tratamento mais adequado \u00e0 situa\u00e7\u00e3o.<\/p>\n","protected":false},"excerpt":{"rendered":"<p>A gengivite \u00e9 uma inflama\u00e7\u00e3o na gengiva causada pela placa bacteriana decorrente da m\u00e1 higiene bucal. Aprenda a reconhecer e prevenir o problema. Entre as doen\u00e7as que mais afetam a sa\u00fade bucal, a gengivite \u00e9 uma das mais recorrentes, impactando pessoas de v\u00e1rias faixas et\u00e1rias. A falta do uso de fio dental e a m\u00e1 [&hellip;]<\/p>\n","protected":false},"author":1,"featured_media":13453,"comment_status":"open","ping_status":"open","sticky":false,"template":"","format":"standard","meta":{"_acf_changed":false,"inline_featured_image":false,"footnotes":""},"categories":[17],"tags":[],"class_list":["post-13450","post","type-post","status-publish","format-standard","has-post-thumbnail","hentry","category-problemas-bucais"],"acf":[],"_links":{"self":[{"href":"https:\/\/www.uniodontocampinas.com.br\/site\/wp-json\/wp\/v2\/posts\/13450","targetHints":{"allow":["GET"]}}],"collection":[{"href":"https:\/\/www.uniodontocampinas.com.br\/site\/wp-json\/wp\/v2\/posts"}],"about":[{"href":"https:\/\/www.uniodontocampinas.com.br\/site\/wp-json\/wp\/v2\/types\/post"}],"author":[{"embeddable":true,"href":"https:\/\/www.uniodontocampinas.com.br\/site\/wp-json\/wp\/v2\/users\/1"}],"replies":[{"embeddable":true,"href":"https:\/\/www.uniodontocampinas.com.br\/site\/wp-json\/wp\/v2\/comments?post=13450"}],"version-history":[{"count":0,"href":"https:\/\/www.uniodontocampinas.com.br\/site\/wp-json\/wp\/v2\/posts\/13450\/revisions"}],"wp:featuredmedia":[{"embeddable":true,"href":"https:\/\/www.uniodontocampinas.com.br\/site\/wp-json\/wp\/v2\/media\/13453"}],"wp:attachment":[{"href":"https:\/\/www.uniodontocampinas.com.br\/site\/wp-json\/wp\/v2\/media?parent=13450"}],"wp:term":[{"taxonomy":"category","embeddable":true,"href":"https:\/\/www.uniodontocampinas.com.br\/site\/wp-json\/wp\/v2\/categories?post=13450"},{"taxonomy":"post_tag","embeddable":true,"href":"https:\/\/www.uniodontocampinas.com.br\/site\/wp-json\/wp\/v2\/tags?post=13450"}],"curies":[{"name":"wp","href":"https:\/\/api.w.org\/{rel}","templated":true}]}}