{"id":11414,"date":"2022-11-16T10:46:49","date_gmt":"2022-11-16T13:46:49","guid":{"rendered":"https:\/\/uniodontocampinas.com.br\/?p=11414"},"modified":"2022-11-16T10:46:51","modified_gmt":"2022-11-16T13:46:51","slug":"o-que-voce-precisa-saber-sobre-displasia-cleidocraniana","status":"publish","type":"post","link":"https:\/\/www.uniodontocampinas.com.br\/site\/o-que-voce-precisa-saber-sobre-displasia-cleidocraniana\/","title":{"rendered":"O que voc\u00ea precisa saber sobre displasia cleidocraniana"},"content":{"rendered":"\n<p style=\"font-size:16px\"><em>Uma doen\u00e7a que acomete uma pessoa em um milh\u00e3o e que exige cuidados muito especiais. Saiba como lidar com essa s\u00edndrome<\/em><\/p>\n\n\n\n<p style=\"font-size:16px\">A displasia cleidocraniana (DCC) \u00e9 uma s\u00edndrome extremamente rara, causada por muta\u00e7\u00f5es nos genes respons\u00e1veis por comandar a produ\u00e7\u00e3o da prote\u00edna que comp\u00f5e o desenvolvimento das cartilagens, dos ossos, do cr\u00e2nio e dos dentes. Essa doen\u00e7a tamb\u00e9m pode ser transmitida hereditariamente quando ambos os pais t\u00eam essa altera\u00e7\u00e3o gen\u00e9tica. Segundo um artigo publicado no <a href=\"https:\/\/www.ncbi.nlm.nih.gov\/pmc\/articles\/PMC6079435\/\">International Journal of Dentistry<\/a>, a DCC acomete uma pessoa a cada milh\u00e3o.<\/p>\n\n\n\n<p style=\"font-size:16px\">As pessoas portadoras da s\u00edndrome apresentam caracter\u00edsticas \u00f3sseas bem distintas que as acompanham por toda a vida. Em beb\u00eas, pode haver um atraso no fechamento da moleira, uma not\u00e1vel sali\u00eancia no queixo e na testa. \u00c9 poss\u00edvel notar malforma\u00e7\u00f5es nas m\u00e3os e no rosto, baixa densidade \u00f3ssea, clav\u00edculas ausentes ou muito curtas, inflama\u00e7\u00f5es cr\u00f4nicas nos seios nasais e ouvidos \u2013 e at\u00e9 mesmo perda de audi\u00e7\u00e3o. H\u00e1 uma s\u00e9rie de outras complica\u00e7\u00f5es, com varia\u00e7\u00f5es de caso a caso.<\/p>\n\n\n\n<p><\/p>\n\n\n\n<p class=\"has-medium-font-size\"><strong>Sintomas relacionados \u00e0 sa\u00fade bucal<\/strong><\/p>\n\n\n\n<p style=\"font-size:16px\">Como dissemos no in\u00edcio, a DCC tamb\u00e9m afeta a sa\u00fade bucal. \u00c9 poss\u00edvel notar que a crian\u00e7a tem uma fenda palatina (c\u00e9u da boca) mais arqueada, os dentes permanentes demoram a romper e h\u00e1 presen\u00e7a de m\u00faltiplos dentes dentro das gengivas, tamb\u00e9m chamados de supranumer\u00e1rios \u2013 o diagn\u00f3stico pode ser feito por meio de raio-X.<\/p>\n\n\n\n<p style=\"font-size:16px\">Em alguns casos, os dentes de leite (chamados de dec\u00edduos) n\u00e3o caem, as coroas dent\u00e1rias podem apresentar problema e a oclus\u00e3o dent\u00e1ria tamb\u00e9m \u00e9 comprometida pela doen\u00e7a. Devido \u00e0s altera\u00e7\u00f5es na face, a pessoa pode apresentar problemas na fala e na mastiga\u00e7\u00e3o.<\/p>\n\n\n\n<p><\/p>\n\n\n\n<p class=\"has-medium-font-size\"><strong>DCC tem tratamento?<\/strong><\/p>\n\n\n\n<p style=\"font-size:16px\">Sim, \u00e9 poss\u00edvel tratar a s\u00edndrome. O ideal \u00e9 iniciar o tratamento o quanto antes, pois com a enfermidade diagnosticada de maneira correta e precoce, a pessoa ganhar\u00e1 em qualidade de vida.<\/p>\n\n\n\n<p style=\"font-size:16px\">O tratamento \u00e9 multidisciplinar, envolvendo profissionais distintos da \u00e1rea odontol\u00f3gica, como cirurgi\u00e3o bucomaxilofacial, prot\u00e9tico dent\u00e1rio e ortodontista \u2013 isso sem falar em ortopedistas, fisioterapeutas e at\u00e9 fonoaudi\u00f3logos.<\/p>\n\n\n\n<p style=\"font-size:16px\">O planejamento do tratamento \u00e9 para o longo prazo, caso o diagn\u00f3stico seja feito quando a pessoa ainda \u00e9 um beb\u00ea. Com o acompanhamento correto, ser\u00e1 poss\u00edvel fazer interven\u00e7\u00f5es mais precisas, como a retirada de dentes de leite que n\u00e3o ca\u00edram, a remo\u00e7\u00e3o de dentes excedentes, a substitui\u00e7\u00e3o de dentes faltantes e o alinhamento da oclus\u00e3o dent\u00e1ria.<\/p>\n\n\n\n<p style=\"font-size:16px\">Embora a pessoa tenha algumas condi\u00e7\u00f5es desfavor\u00e1veis, com o tratamento certo ela poder\u00e1 levar uma vida bastante normal.<\/p>\n\n\n\n<p style=\"font-size:16px\">\u00c9 imprescind\u00edvel que a pessoa compare\u00e7a \u00e0s consultas regulares em todos os profissionais envolvidos no tratamento, uma vez que a doen\u00e7a tem diversas camadas de complexidade. H\u00e1 ainda a possibilidade de surgir outras condi\u00e7\u00f5es que anteriormente a pessoa n\u00e3o tinha. No que tange \u00e0 compet\u00eancia do cirurgi\u00e3o-dentista, ele conduzir\u00e1 os protocolos mais indicados em cada fase. Nas ocorr\u00eancias de DCC, a presen\u00e7a do cirurgi\u00e3o-dentista \u00e9 fundamental.<\/p>\n","protected":false},"excerpt":{"rendered":"<p>Uma doen\u00e7a que acomete uma pessoa em um milh\u00e3o e que exige cuidados muito especiais. Saiba como lidar com essa s\u00edndrome A displasia cleidocraniana (DCC) \u00e9 uma s\u00edndrome extremamente rara, causada por muta\u00e7\u00f5es nos genes respons\u00e1veis por comandar a produ\u00e7\u00e3o da prote\u00edna que comp\u00f5e o desenvolvimento das cartilagens, dos ossos, do cr\u00e2nio e dos dentes. [&hellip;]<\/p>\n","protected":false},"author":1,"featured_media":11415,"comment_status":"open","ping_status":"open","sticky":false,"template":"","format":"standard","meta":{"_acf_changed":false,"inline_featured_image":false,"footnotes":""},"categories":[17],"tags":[],"class_list":["post-11414","post","type-post","status-publish","format-standard","has-post-thumbnail","hentry","category-problemas-bucais"],"acf":[],"_links":{"self":[{"href":"https:\/\/www.uniodontocampinas.com.br\/site\/wp-json\/wp\/v2\/posts\/11414","targetHints":{"allow":["GET"]}}],"collection":[{"href":"https:\/\/www.uniodontocampinas.com.br\/site\/wp-json\/wp\/v2\/posts"}],"about":[{"href":"https:\/\/www.uniodontocampinas.com.br\/site\/wp-json\/wp\/v2\/types\/post"}],"author":[{"embeddable":true,"href":"https:\/\/www.uniodontocampinas.com.br\/site\/wp-json\/wp\/v2\/users\/1"}],"replies":[{"embeddable":true,"href":"https:\/\/www.uniodontocampinas.com.br\/site\/wp-json\/wp\/v2\/comments?post=11414"}],"version-history":[{"count":0,"href":"https:\/\/www.uniodontocampinas.com.br\/site\/wp-json\/wp\/v2\/posts\/11414\/revisions"}],"wp:featuredmedia":[{"embeddable":true,"href":"https:\/\/www.uniodontocampinas.com.br\/site\/wp-json\/wp\/v2\/media\/11415"}],"wp:attachment":[{"href":"https:\/\/www.uniodontocampinas.com.br\/site\/wp-json\/wp\/v2\/media?parent=11414"}],"wp:term":[{"taxonomy":"category","embeddable":true,"href":"https:\/\/www.uniodontocampinas.com.br\/site\/wp-json\/wp\/v2\/categories?post=11414"},{"taxonomy":"post_tag","embeddable":true,"href":"https:\/\/www.uniodontocampinas.com.br\/site\/wp-json\/wp\/v2\/tags?post=11414"}],"curies":[{"name":"wp","href":"https:\/\/api.w.org\/{rel}","templated":true}]}}