{"id":11260,"date":"2022-10-27T16:09:15","date_gmt":"2022-10-27T19:09:15","guid":{"rendered":"https:\/\/uniodontocampinas.com.br\/?p=11260"},"modified":"2022-10-31T08:33:08","modified_gmt":"2022-10-31T11:33:08","slug":"como-a-baixa-imunidade-afeta-a-saude-bucal%ef%bf%bc","status":"publish","type":"post","link":"https:\/\/www.uniodontocampinas.com.br\/site\/como-a-baixa-imunidade-afeta-a-saude-bucal%ef%bf%bc\/","title":{"rendered":"Como a baixa imunidade afeta a sa\u00fade bucal?"},"content":{"rendered":"\n<p style=\"font-size:16px\">Aftas, gengivite, periodontite, herpes: tudo isso \u00e9 consequ\u00eancia da baixa imunidade. Saiba como identificar os sinais e manter uma boa sa\u00fade<\/p>\n\n\n\n<p style=\"font-size:16px\">\u00c9 muito comum associar baixa imunidade a sintomas como gripe, fadiga ou dores articulares, mas ela tamb\u00e9m gera problemas para a sa\u00fade bucal.<\/p>\n\n\n\n<p style=\"font-size:16px\">O sistema imune tem como fun\u00e7\u00e3o blindar o nosso organismo de infec\u00e7\u00f5es, tanto causadas por v\u00edrus quanto por bact\u00e9rias. Quando um desses microrganismos entra em nosso corpo, o sistema imune os identifica e come\u00e7a a combat\u00ea-los para evitar que as doen\u00e7as se desenvolvam.<\/p>\n\n\n\n<p style=\"font-size:16px\">Mas quando ele est\u00e1 enfraquecido, perdemos resist\u00eancia \u00e0 a\u00e7\u00e3o dos v\u00edrus e bact\u00e9rias. E isso tamb\u00e9m afeta a sa\u00fade bucal.<\/p>\n\n\n\n<p style=\"font-size:16px\"><\/p>\n\n\n\n<h2 class=\"has-medium-font-size wp-block-heading\">Como a baixa imunidade aparece na boca?<\/h2>\n\n\n\n<p style=\"font-size:16px\">Os principais sintomas bucais relacionados \u00e0 falta de resist\u00eancia do sistema imune s\u00e3o:<\/p>\n\n\n\n<ul class=\"wp-block-list\" style=\"font-size:16px\"><li><strong>Aftas:<\/strong> essa les\u00e3o inflamat\u00f3ria aparece na mucosa bucal, geralmente na parte interna das bochechas e l\u00e1bios, e causa inc\u00f4modo para comer e falar \u2013 a depender da localidade. Seu formato \u00e9 arredondado e tem em seu n\u00facleo um sinal amarelo ou esbranqui\u00e7ado, podendo ocorrer em v\u00e1rios pontos da mucosa ao mesmo tempo.<\/li><li><strong>Estomatite aftosa:<\/strong> a pessoa infectada costuma ter \u00falceras, feridas e aftas bastante doloridas nas mucosas, prejudicando a mastiga\u00e7\u00e3o e causando inc\u00f4modo ao engolir ou escovar os dentes. O paciente nota uma recorr\u00eancia quase quinzenal de novas les\u00f5es.<\/li><li><strong>Gengivite:<\/strong> caracterizada por uma inflama\u00e7\u00e3o na gengiva, esse sintoma aparece devido \u00e0 a\u00e7\u00e3o do ac\u00famulo de placa bacteriana. A pessoa pode apresentar sangramentos, dores, vermelhid\u00e3o, sensibilidade\/retra\u00e7\u00e3o na gengiva e mau h\u00e1lito.<\/li><li><strong>Periodontite:<\/strong> \u00e9 um agravamento da gengivite n\u00e3o tratada. Nesse caso, a a\u00e7\u00e3o das bact\u00e9rias come\u00e7a a comprometer mais severamente os tecidos respons\u00e1veis pela integridade dos dentes, incluindo ligamentos e ossos. Ela tamb\u00e9m causa comprometimento no esmalte dental, aumentando a sensibilidade dos dentes. Al\u00e9m dos sintomas cl\u00e1ssicos da gengivite, a pessoa pode ter abcessos dent\u00e1rios e at\u00e9 mesmo enfraquecimento ou perda dos dentes.<\/li><li><strong>Herpes:<\/strong> \u00e9 uma doen\u00e7a causada por v\u00edrus, caracterizada pelo aparecimento de bolhas e pequenas feridas, geralmente dolorosas, que podem afetar os l\u00e1bios e as gengivas. Ela n\u00e3o tem cura, mas pode ficar dormente gra\u00e7as ao bom funcionamento do sistema imune.<\/li><\/ul>\n\n\n\n<p><\/p>\n\n\n\n<p style=\"font-size:16px\">Existem diversos tratamentos para cada um desses problemas e o cirurgi\u00e3o-dentista \u00e9 a melhor pessoa para avaliar qual o protocolo mais adequado a ser seguido. Entre os tratamentos que podem ser sugeridos por ele est\u00e3o a prescri\u00e7\u00e3o de medicamentos bucais e procedimentos n\u00e3o-cir\u00fargicos e cir\u00fargicos.<\/p>\n\n\n\n<p style=\"font-size:16px\">\u00c9 importante frisar que em caso de baixa imunidade, o tratamento deve ser multidisciplinar, ou seja, o tratamento odontol\u00f3gico acontece paralelamente ao tratamento recomendado por outro m\u00e9dico para fortalecer o sistema imune.<\/p>\n\n\n\n<p><\/p>\n\n\n\n<h2 class=\"has-medium-font-size wp-block-heading\">Atitudes preventivas<\/h2>\n\n\n\n<p style=\"font-size:16px\">A baixa imunidade compromete nossa sa\u00fade em diversos aspectos e prejudica a qualidade de vida de todas as pessoas. Em alguns casos, ela pode ser ocasionada por doen\u00e7as, mas tamb\u00e9m por maus h\u00e1bitos de vida. E nesse ponto, podemos colaborar para aumentar as defesas do nosso corpo por meio de <a href=\"https:\/\/uniodontocampinas.com.br\/blog\/como-a-alimentacao-afeta-a-saude-bucal\/\">um estilo de vida mais saud\u00e1vel<\/a>. Seguindo algumas recomenda\u00e7\u00f5es j\u00e1 \u00e9 poss\u00edvel observar bons resultados. Vamos a algumas delas:<\/p>\n\n\n\n<ul class=\"wp-block-list\" style=\"font-size:16px\"><li>Consumir alimentos c\u00edtricos e de colora\u00e7\u00e3o verde escura;<\/li><li>Consumir oleaginosas;<\/li><li>Trocar temperos ultraprocessados por naturais;<\/li><li>Consumir cereais naturais;<\/li><li>Regular a quantidade de sal;<\/li><li>Evitar a\u00e7\u00facares industrializados;<\/li><li>Ter um sono de qualidade;<\/li><li>Cumprir uma rotina peri\u00f3dica de exames;<\/li><li>Tomar sol em hor\u00e1rios amenos.<\/li><li><\/li><\/ul>\n\n\n\n<p style=\"font-size:16px\">A falta de sa\u00fade bucal pode ser um sintoma de algumas condi\u00e7\u00f5es f\u00edsicas, ao mesmo tempo em que pode ser a porta de entrada para problemas mais s\u00e9rios. A melhor decis\u00e3o a ser tomada \u00e9 tratar os problemas bucais assim que eles surgirem. E, sempre, consulte seu cirurgi\u00e3o-dentista para cuidar bem da sua sa\u00fade bucal.<\/p>\n","protected":false},"excerpt":{"rendered":"<p>Aftas, gengivite, periodontite, herpes: tudo isso \u00e9 consequ\u00eancia da baixa imunidade. Saiba como identificar os sinais e manter uma boa sa\u00fade \u00c9 muito comum associar baixa imunidade a sintomas como gripe, fadiga ou dores articulares, mas ela tamb\u00e9m gera problemas para a sa\u00fade bucal. O sistema imune tem como fun\u00e7\u00e3o blindar o nosso organismo de [&hellip;]<\/p>\n","protected":false},"author":1,"featured_media":11261,"comment_status":"open","ping_status":"open","sticky":false,"template":"","format":"standard","meta":{"_acf_changed":false,"inline_featured_image":false,"footnotes":""},"categories":[15],"tags":[171,100],"class_list":["post-11260","post","type-post","status-publish","format-standard","has-post-thumbnail","hentry","category-dicas-de-saude","tag-saude","tag-saude-bucal"],"acf":[],"_links":{"self":[{"href":"https:\/\/www.uniodontocampinas.com.br\/site\/wp-json\/wp\/v2\/posts\/11260","targetHints":{"allow":["GET"]}}],"collection":[{"href":"https:\/\/www.uniodontocampinas.com.br\/site\/wp-json\/wp\/v2\/posts"}],"about":[{"href":"https:\/\/www.uniodontocampinas.com.br\/site\/wp-json\/wp\/v2\/types\/post"}],"author":[{"embeddable":true,"href":"https:\/\/www.uniodontocampinas.com.br\/site\/wp-json\/wp\/v2\/users\/1"}],"replies":[{"embeddable":true,"href":"https:\/\/www.uniodontocampinas.com.br\/site\/wp-json\/wp\/v2\/comments?post=11260"}],"version-history":[{"count":0,"href":"https:\/\/www.uniodontocampinas.com.br\/site\/wp-json\/wp\/v2\/posts\/11260\/revisions"}],"wp:featuredmedia":[{"embeddable":true,"href":"https:\/\/www.uniodontocampinas.com.br\/site\/wp-json\/wp\/v2\/media\/11261"}],"wp:attachment":[{"href":"https:\/\/www.uniodontocampinas.com.br\/site\/wp-json\/wp\/v2\/media?parent=11260"}],"wp:term":[{"taxonomy":"category","embeddable":true,"href":"https:\/\/www.uniodontocampinas.com.br\/site\/wp-json\/wp\/v2\/categories?post=11260"},{"taxonomy":"post_tag","embeddable":true,"href":"https:\/\/www.uniodontocampinas.com.br\/site\/wp-json\/wp\/v2\/tags?post=11260"}],"curies":[{"name":"wp","href":"https:\/\/api.w.org\/{rel}","templated":true}]}}