{"id":11202,"date":"2022-10-25T10:54:45","date_gmt":"2022-10-25T13:54:45","guid":{"rendered":"https:\/\/uniodontocampinas.com.br\/?p=11202"},"modified":"2022-10-25T10:59:25","modified_gmt":"2022-10-25T13:59:25","slug":"contencao-ortodontica-o-que-e-e-para-que-serve","status":"publish","type":"post","link":"https:\/\/www.uniodontocampinas.com.br\/site\/contencao-ortodontica-o-que-e-e-para-que-serve\/","title":{"rendered":"Conten\u00e7\u00e3o ortod\u00f4ntica: o que \u00e9 e para que serve?"},"content":{"rendered":"\n<p style=\"font-size:16px\">A retirada do aparelho fixo nem sempre representa o fim do tratamento. Saiba quando e como usar a conten\u00e7\u00e3o ortod\u00f4ntica para manter os bons resultados<\/p>\n\n\n\n<p style=\"font-size:16px\">Todas as pessoas em tratamento ortod\u00f4ntico contam os dias para a retirada do aparelho fixo, mas muitas delas ainda precisar\u00e3o conviver com um outro tipo de acess\u00f3rio: a conten\u00e7\u00e3o. Esse acess\u00f3rio desempenha um papel fundamental na manuten\u00e7\u00e3o do resultado e garante o sucesso do tratamento por muito tempo.<\/p>\n\n\n\n<p style=\"font-size:16px\">Ao receber a not\u00edcia de que ser\u00e1 necess\u00e1rio usar uma conten\u00e7\u00e3o ortod\u00f4ntica, muitas d\u00favidas surgem: vou precisar usar para sempre? Vou precisar usar o dia inteiro? Em quanto tempo vou precisar trocar? Machuca a boca?<\/p>\n\n\n\n<p style=\"font-size:16px\">Essas d\u00favidas s\u00e3o normais e, para respond\u00ea-las, hoje vamos trazer mais informa\u00e7\u00f5es sobre esse assunto.<\/p>\n\n\n\n<p style=\"font-size:16px\"><\/p>\n\n\n\n<p class=\"has-black-color has-text-color has-medium-font-size\"><strong>Por que \u00e9 preciso usar conten\u00e7\u00e3o ortod\u00f4ntica?<\/strong><\/p>\n\n\n\n<p style=\"font-size:16px\">At\u00e9 o in\u00edcio do tratamento ortod\u00f4ntico, os tecidos da boca passaram anos acostumados com a posi\u00e7\u00e3o dos elementos dent\u00e1rios. De repente, esses elementos passaram a ser modificados por meio de uma tens\u00e3o causada pelo aparelho fixo. Na aus\u00eancia desse est\u00edmulo, os tecidos tendem a se acomodar e voltar tudo \u00e0 posi\u00e7\u00e3o original.<\/p>\n\n\n\n<p style=\"font-size:16px\">Para evitar esse acontecimento, a pessoa precisa usar a conten\u00e7\u00e3o ortod\u00f4ntica. As principais fun\u00e7\u00f5es desse acess\u00f3rio s\u00e3o evitar que os dentes voltem \u00e0s suas posi\u00e7\u00f5es originais, causando o antigo desalinhamento; e refor\u00e7ar a \u201cmem\u00f3ria\u201d dos tecidos para o novo formato.<\/p>\n\n\n\n<p style=\"font-size:16px\">Mas a conten\u00e7\u00e3o ortod\u00f4ntica n\u00e3o \u00e9 exclusividade de quem j\u00e1 usou aparelho fixo. Pessoas com mobilidade nos dentes tamb\u00e9m precisam utiliz\u00e1-la como parte do tratamento.<\/p>\n\n\n\n<h1 class=\"has-medium-font-size wp-block-heading\">Vou precisar usar a conten\u00e7\u00e3o por muito tempo?<\/h1>\n\n\n\n<p style=\"font-size:16px\">A resposta para isso \u00e9: depende. Cada pessoa \u00e9 \u00fanica e o cirurgi\u00e3o-dentista adota um protocolo personalizado para cada uma delas. O mais comum \u00e9 que, no in\u00edcio, o uso seja di\u00e1rio, reduzindo o tempo no decorrer do tratamento.&nbsp;<\/p>\n\n\n\n<p style=\"font-size:16px\">Quanto maior a complexidade ortod\u00f4ntica, maior pode ser a necessidade de usar a conten\u00e7\u00e3o ortod\u00f4ntica por um per\u00edodo longo \u2013 e aqui estamos falando tanto na sequ\u00eancia de dias, quanto em horas di\u00e1rias. O mais comum \u00e9 receber a alta em at\u00e9 cinco anos.<\/p>\n\n\n\n<h1 class=\"has-black-color has-text-color has-medium-font-size wp-block-heading\">Conten\u00e7\u00e3o ortod\u00f4ntica \u00e9 tudo igual?<\/h1>\n\n\n\n<p style=\"font-size:16px\">N\u00e3o mesmo. Existem, basicamente, tr\u00eas grupos de conten\u00e7\u00e3o ortod\u00f4ntica: fixa, m\u00f3vel e est\u00e9tica. Cada uma delas tem algumas varia\u00e7\u00f5es, com vantagens e desvantagens.<\/p>\n\n\n\n<p style=\"font-size:16px\"><strong>Fixa<\/strong>: \u00e9 composta por um fio met\u00e1lico, que pode ser reto ou ondulado, fixado na parte de tr\u00e1s dos dentes. A t\u00e9cnica utilizada \u00e9 a mesma tanto para a arcada superior quanto para a inferior.<\/p>\n\n\n\n<p style=\"font-size:16px\">A <strong>conten\u00e7\u00e3o reta<\/strong> pode atrapalhar bastante o uso do fio dental, pois impede sua passagem entre os dentes. Por outro lado, acumula menos res\u00edduos nos intervalos entre escova\u00e7\u00f5es, o que diminui a incid\u00eancia de placa bacteriana em sua estrutura.<\/p>\n\n\n\n<p style=\"font-size:16px\">J\u00e1 a <strong>conten\u00e7\u00e3o ondulada<\/strong> facilita o uso do fio dental, pois n\u00e3o impede a passagem do fio entre os dentes, por\u00e9m acumula mais res\u00edduos na parte baixa das ondas, o que aumenta a incid\u00eancia de placa bacteriana em sua estrutura.<\/p>\n\n\n\n<p style=\"font-size:16px\"><strong>M\u00f3vel<\/strong>: \u00e9 uma conten\u00e7\u00e3o que pode ser retirada normalmente e pode ser utilizada tanto nos dentes de cima quanto nos de baixo, variando de modelo.<\/p>\n\n\n\n<p style=\"font-size:16px\">Para os dentes superiores, o modelo \u00e9 feito sob medida e \u00e9 composto por uma parte acr\u00edlica e outra met\u00e1lica. Para os dentes inferiores, seu formato \u00e9 apenas met\u00e1lico e acompanha o contorno da gengiva.<\/p>\n\n\n\n<p style=\"font-size:16px\"><strong>Est\u00e9tica<\/strong>: tamb\u00e9m feita sob medida, possui dois modelos. Um deles \u00e9 composto por material acr\u00edlico e met\u00e1lico, mas, diferentemente da conten\u00e7\u00e3o m\u00f3vel convencional, tem um desenho mais discreto. O outro \u00e9 confeccionado em acr\u00edlico transparente, semelhante aos alinhadores dentais dispon\u00edveis no mercado.<\/p>\n\n\n\n<p style=\"font-size:16px\">As conten\u00e7\u00f5es ortod\u00f4nticas m\u00f3veis devem ser manuseadas com as m\u00e3os limpas e guardadas, secas, em seus recipientes quando n\u00e3o est\u00e3o em uso. Ali\u00e1s, \u00e9 muito comum que pessoas utilizem tecidos e papel para guardar o aparelho m\u00f3vel, mas isso pode expor o acess\u00f3rio a uma quebra acidental, al\u00e9m de facilitar sua contamina\u00e7\u00e3o.<\/p>\n\n\n\n<p style=\"font-size:16px\">A recomenda\u00e7\u00e3o \u00e9 enxaguar a conten\u00e7\u00e3o ortod\u00f4ntica antes de guard\u00e1-la e escov\u00e1-la antes de coloc\u00e1-la na boca. \u00c9 desej\u00e1vel que a higiene bucal tenha sido feita antes de voltar a usar a conten\u00e7\u00e3o m\u00f3vel. Todos esses procedimentos evitam o ac\u00famulo de placa bacteriana, al\u00e9m de prevenir o mau h\u00e1lito.<\/p>\n\n\n\n<p style=\"font-size:16px\">De toda forma, nunca se esque\u00e7a: se houver d\u00favidas sobre como cuidar da sua conten\u00e7\u00e3o ortod\u00f4ntica, consulte o seu cirurgi\u00e3o-dentista.<\/p>\n","protected":false},"excerpt":{"rendered":"<p>A retirada do aparelho fixo nem sempre representa o fim do tratamento. Saiba quando e como usar a conten\u00e7\u00e3o ortod\u00f4ntica para manter os bons resultados Todas as pessoas em tratamento ortod\u00f4ntico contam os dias para a retirada do aparelho fixo, mas muitas delas ainda precisar\u00e3o conviver com um outro tipo de acess\u00f3rio: a conten\u00e7\u00e3o. Esse [&hellip;]<\/p>\n","protected":false},"author":1,"featured_media":11206,"comment_status":"open","ping_status":"open","sticky":false,"template":"","format":"standard","meta":{"_acf_changed":false,"inline_featured_image":false,"footnotes":""},"categories":[15],"tags":[188,186],"class_list":["post-11202","post","type-post","status-publish","format-standard","has-post-thumbnail","hentry","category-dicas-de-saude","tag-contencao-ortodontica-2","tag-ortodontia"],"acf":[],"_links":{"self":[{"href":"https:\/\/www.uniodontocampinas.com.br\/site\/wp-json\/wp\/v2\/posts\/11202","targetHints":{"allow":["GET"]}}],"collection":[{"href":"https:\/\/www.uniodontocampinas.com.br\/site\/wp-json\/wp\/v2\/posts"}],"about":[{"href":"https:\/\/www.uniodontocampinas.com.br\/site\/wp-json\/wp\/v2\/types\/post"}],"author":[{"embeddable":true,"href":"https:\/\/www.uniodontocampinas.com.br\/site\/wp-json\/wp\/v2\/users\/1"}],"replies":[{"embeddable":true,"href":"https:\/\/www.uniodontocampinas.com.br\/site\/wp-json\/wp\/v2\/comments?post=11202"}],"version-history":[{"count":0,"href":"https:\/\/www.uniodontocampinas.com.br\/site\/wp-json\/wp\/v2\/posts\/11202\/revisions"}],"wp:featuredmedia":[{"embeddable":true,"href":"https:\/\/www.uniodontocampinas.com.br\/site\/wp-json\/wp\/v2\/media\/11206"}],"wp:attachment":[{"href":"https:\/\/www.uniodontocampinas.com.br\/site\/wp-json\/wp\/v2\/media?parent=11202"}],"wp:term":[{"taxonomy":"category","embeddable":true,"href":"https:\/\/www.uniodontocampinas.com.br\/site\/wp-json\/wp\/v2\/categories?post=11202"},{"taxonomy":"post_tag","embeddable":true,"href":"https:\/\/www.uniodontocampinas.com.br\/site\/wp-json\/wp\/v2\/tags?post=11202"}],"curies":[{"name":"wp","href":"https:\/\/api.w.org\/{rel}","templated":true}]}}