{"id":10331,"date":"2022-08-24T21:20:05","date_gmt":"2022-08-25T00:20:05","guid":{"rendered":"https:\/\/uniodontocampinas.com.br\/?p=10331"},"modified":"2022-09-21T18:18:46","modified_gmt":"2022-09-21T21:18:46","slug":"voce-sabia-que-respirar-pela-boca-afeta-seus-dentes-e-sua-saude","status":"publish","type":"post","link":"https:\/\/www.uniodontocampinas.com.br\/site\/voce-sabia-que-respirar-pela-boca-afeta-seus-dentes-e-sua-saude\/","title":{"rendered":"Voc\u00ea sabia que respirar pela boca afeta seus dentes e sua sa\u00fade?"},"content":{"rendered":"\n<p><em>Saiba quais s\u00e3o os problemas ocasionados por respirar constantemente pela boca e descubra como tratar essa disfun\u00e7\u00e3o<\/em><\/p>\n\n\n\n<p>Respirar \u00e9 um ato t\u00e3o elementar que nem nos damos conta do quanto ele \u00e9 complexo e global, capaz de gerar diversos tipos de impactos em nosso corpo. Por isso mesmo, respirar de forma incorreta gera consequ\u00eancias negativas em todo o organismo. Mas como se respira errado? Pela boca.<\/p>\n\n\n\n<p>A respira\u00e7\u00e3o bucal pode ser um recurso quando realizamos uma atividade f\u00edsica que exija mais oferta de oxig\u00eanio, quando temos a sensa\u00e7\u00e3o de falta de ar por crise de ansiedade ou pela congest\u00e3o nasal causada por uma gripe.<\/p>\n\n\n\n<p>Mas, em muitos casos, a respira\u00e7\u00e3o bucal \u00e9 sintoma de uma obstru\u00e7\u00e3o nasal completa ou parcial causada por sinusite, asma, bronquite, hipertrofia de am\u00eddalas e adenoides. Al\u00e9m disso, traz efeitos muito negativos \u00e0 sa\u00fade da boca e da face.<\/p>\n\n\n\n<p class=\"has-medium-font-size\"><strong>Como a respira\u00e7\u00e3o bucal altera a sa\u00fade da boca?<\/strong><\/p>\n\n\n\n<p>Durante a respira\u00e7\u00e3o bucal, o maxilar fica entreaberto e a l\u00edngua \u00e9 obrigada a se projetar para a frente para conduzir o fluxo de oxig\u00eanio. Com o tempo, os m\u00fasculos orofaciais v\u00e3o ficando enfraquecidos e o \u201cc\u00e9u da boca\u201d vai se estreitando e se tornando mais alto, como se estivesse se aprofundando em dire\u00e7\u00e3o ao nariz. Consequentemente, os dentes da arcada superior v\u00e3o perdendo espa\u00e7o e come\u00e7am a se apinhar (popularmente conhecido como \u201cdentes encavalados\u201d).<\/p>\n\n\n\n<p>Na parte inferior da boca, a l\u00edngua exerce uma press\u00e3o constante sobre os dentes incisivos e, com o passar do tempo, os m\u00fasculos solicitados para manter a boca fechada v\u00e3o se adaptando a essa posi\u00e7\u00e3o.<\/p>\n\n\n\n<p>Outras consequ\u00eancias da perda muscular orofacial s\u00e3o dificuldades ao mastigar e ao engolir, desalinhamento dos maxilares (mordida cruzada, mordida aberta ou sobre mordida) e altera\u00e7\u00f5es na fala.<\/p>\n\n\n\n<p>A entrada de ar pela boca tamb\u00e9m causa o ressecamento das mucosas e da l\u00edngua, gerando redu\u00e7\u00e3o na produ\u00e7\u00e3o salivar. A saliva\u00e7\u00e3o \u00e9 parte essencial na manuten\u00e7\u00e3o da sa\u00fade dental, uma vez que ajuda a dispersar bact\u00e9rias e tem fun\u00e7\u00e3o ativa na mineraliza\u00e7\u00e3o dos dentes. A falta de saliva\u00e7\u00e3o provoca a forma\u00e7\u00e3o de col\u00f4nias de bact\u00e9rias nos dentes e na l\u00edngua, mau h\u00e1lito e maior incid\u00eancia de c\u00e1ries.<\/p>\n\n\n\n<p>N\u00f3s focamos aqui nos problemas odontol\u00f3gicos, mas vale lembrar que a respira\u00e7\u00e3o oral ocasiona outros problemas, como dist\u00farbios de sono, problemas posturais e at\u00e9 mesmo d\u00e9ficit de aten\u00e7\u00e3o relacionado \u00e0 oxigena\u00e7\u00e3o inadequada do c\u00e9rebro.<\/p>\n\n\n\n<p class=\"has-medium-font-size\"><strong>Existe tratamento?<\/strong><\/p>\n\n\n\n<p>A respira\u00e7\u00e3o bucal, como efeito colateral de problemas respirat\u00f3rios, pede um tratamento multidisciplinar, que envolve disciplinas m\u00e9dicas relacionadas \u00e0 respira\u00e7\u00e3o e ao dentista. Antes de tudo, \u00e9 necess\u00e1rio diagnosticar precisamente o problema que ocasiona a respira\u00e7\u00e3o feita pela boca. Quanto mais cedo for descoberta a causa do problema, melhores ser\u00e3o os resultados dos tratamentos. Al\u00e9m disso, os ganhos em qualidade de vida e sa\u00fade s\u00e3o enormes.<\/p>\n\n\n\n<p>No consult\u00f3rio odontol\u00f3gico o tratamento ser\u00e1 global, envolvendo v\u00e1rias frentes: tratamento de c\u00e1ries, retirada de t\u00e1rtaro e a poss\u00edvel indica\u00e7\u00e3o de aparelho ortod\u00f4ntico, tanto para corrigir o apinhamento dos dentes quanto para corrigir a mordida. Al\u00e9m disso, ser\u00e1 feita uma avalia\u00e7\u00e3o do desenvolvimento orofacial para verificar a necessidade de outros tratamentos, o que pode, inclusive, envolver uma indica\u00e7\u00e3o cir\u00fargica.<\/p>\n\n\n\n<p><strong>Preserve sua sa\u00fade bucal mantendo bons h\u00e1bitos e respirando pelo nariz. Em caso de d\u00favida, <\/strong><a href=\"https:\/\/uniodontocampinas.com.br\/procure-seu-dentista\/\"><strong>procure seu dentista<\/strong><\/a><strong> e siga suas orienta\u00e7\u00f5es.<\/strong><\/p>\n","protected":false},"excerpt":{"rendered":"<p>Saiba quais s\u00e3o os problemas ocasionados por respirar constantemente pela boca e descubra como tratar essa disfun\u00e7\u00e3o Respirar \u00e9 um ato t\u00e3o elementar que nem nos damos conta do quanto ele \u00e9 complexo e global, capaz de gerar diversos tipos de impactos em nosso corpo. Por isso mesmo, respirar de forma incorreta gera consequ\u00eancias negativas [&hellip;]<\/p>\n","protected":false},"author":1,"featured_media":10332,"comment_status":"open","ping_status":"open","sticky":false,"template":"","format":"standard","meta":{"_acf_changed":false,"inline_featured_image":false,"footnotes":""},"categories":[15],"tags":[181],"class_list":["post-10331","post","type-post","status-publish","format-standard","has-post-thumbnail","hentry","category-dicas-de-saude","tag-respiracao-bucal"],"acf":[],"_links":{"self":[{"href":"https:\/\/www.uniodontocampinas.com.br\/site\/wp-json\/wp\/v2\/posts\/10331","targetHints":{"allow":["GET"]}}],"collection":[{"href":"https:\/\/www.uniodontocampinas.com.br\/site\/wp-json\/wp\/v2\/posts"}],"about":[{"href":"https:\/\/www.uniodontocampinas.com.br\/site\/wp-json\/wp\/v2\/types\/post"}],"author":[{"embeddable":true,"href":"https:\/\/www.uniodontocampinas.com.br\/site\/wp-json\/wp\/v2\/users\/1"}],"replies":[{"embeddable":true,"href":"https:\/\/www.uniodontocampinas.com.br\/site\/wp-json\/wp\/v2\/comments?post=10331"}],"version-history":[{"count":0,"href":"https:\/\/www.uniodontocampinas.com.br\/site\/wp-json\/wp\/v2\/posts\/10331\/revisions"}],"wp:featuredmedia":[{"embeddable":true,"href":"https:\/\/www.uniodontocampinas.com.br\/site\/wp-json\/wp\/v2\/media\/10332"}],"wp:attachment":[{"href":"https:\/\/www.uniodontocampinas.com.br\/site\/wp-json\/wp\/v2\/media?parent=10331"}],"wp:term":[{"taxonomy":"category","embeddable":true,"href":"https:\/\/www.uniodontocampinas.com.br\/site\/wp-json\/wp\/v2\/categories?post=10331"},{"taxonomy":"post_tag","embeddable":true,"href":"https:\/\/www.uniodontocampinas.com.br\/site\/wp-json\/wp\/v2\/tags?post=10331"}],"curies":[{"name":"wp","href":"https:\/\/api.w.org\/{rel}","templated":true}]}}