{"id":10194,"date":"2022-08-15T15:28:01","date_gmt":"2022-08-15T18:28:01","guid":{"rendered":"https:\/\/uniodontocampinas.com.br\/?p=10194"},"modified":"2022-10-17T10:33:55","modified_gmt":"2022-10-17T13:33:55","slug":"uniodonto-agosto-grena-pela-prevencao-do-cancer-bucal","status":"publish","type":"post","link":"https:\/\/www.uniodontocampinas.com.br\/site\/uniodonto-agosto-grena-pela-prevencao-do-cancer-bucal\/","title":{"rendered":"C\u00e2ncer bucal: voc\u00ea sabe como se prevenir?"},"content":{"rendered":"\n<p><a href=\"https:\/\/uniodontocampinas.com.br\/agostogrena\/\" rel=\"nofollow\">O Agosto Gren\u00e1<\/a> \u00e9 o m\u00eas da preven\u00e7\u00e3o do c\u00e2ncer bucal. Saiba aqui como reconhecer os principais fatores de risco e fazer o autoexame<\/p>\n\n\n\n<p>A doen\u00e7a \u00e9 simples de diagnosticar em suas fases iniciais; no entanto, evitar os principais fatores de risco e realizar o autoexame s\u00e3o essenciais para o sucesso do tratamento.<\/p>\n\n\n\n<p>Durante todo o m\u00eas de agosto, cirurgi\u00f5es-dentistas da uniodonto Campinas se unem no chamado Agosto Gren\u00e1 para conscientizar as pessoas sobre as causas e consequ\u00eancias do c\u00e2ncer bucal. O Instituto Nacional do C\u00e2ncer (INCA) estima que apenas em 2022 ser\u00e3o diagnosticados 15 mil novos casos de c\u00e2ncer de boca e orofaringe.<\/p>\n\n\n\n<p>A conscientiza\u00e7\u00e3o sobre o c\u00e2ncer bucal \u00e9 muito importante. Esse \u00e9 um dos tipos de c\u00e2ncer mais simples de diagnosticar nas fases iniciais e existem alguns ind\u00edcios importantes que merecem receber toda a nossa aten\u00e7\u00e3o. Vamos conhecer alguns deles:<\/p>\n\n\n\n<ul class=\"wp-block-list\"><li>Inc\u00f4modo na garganta: a pessoa sente como se houvesse algo preso na regi\u00e3o;<\/li><li>Inc\u00f4modo na l\u00edngua e dificuldade para realizar movimentos simples;<\/li><li>Dificuldade para falar, mastigar e engolir;<\/li><li>Aumento na saliva\u00e7\u00e3o;<\/li><li>Percep\u00e7\u00e3o de n\u00f3dulos no pesco\u00e7o;<\/li><li>Placas esbranqui\u00e7adas ou avermelhadas na cavidade oral;<\/li><li>Feridas nos l\u00e1bios ou cavidade bucal que n\u00e3o cicatrizam h\u00e1 15 dias ou mais;<\/li><li>Rouquid\u00e3o sem motivo aparente e sem apresentar melhora.<\/li><\/ul>\n\n\n\n<p><strong>\u00c9 poss\u00edvel prevenir?<\/strong><\/p>\n\n\n\n<p>Mesmo sendo uma doen\u00e7a de simples detec\u00e7\u00e3o na fase inicial, \u00e9 sempre importante ficar atento aos fatores de risco e manter a regularidade nas visitas ao dentista. A ocorr\u00eancia de c\u00e2ncer bucal est\u00e1 associada a diversos fatores:<\/p>\n\n\n\n<ul class=\"wp-block-list\"><li><strong>Etilismo \u2013 <\/strong>o consumo excessivo de \u00e1lcool aumenta em at\u00e9 6 vezes as chances de desenvolvimento de c\u00e2ncer bucal. Quando associado ao tabagismo, o efeito \u00e9 potencializado.<\/li><li><strong>Tabagismo \u2013 <\/strong>o risco do desenvolvimento de c\u00e2ncer bucal entre os fumantes chega a ser 16 vezes maior do que entre n\u00e3o fumantes. O risco \u00e9 medido de acordo com a quantidade de tabaco consumida pela pessoa.<\/li><li><strong>HPV <\/strong>\u2013 o<strong> <\/strong>Papilomav\u00edrus Humano pode ser contra\u00eddo por meio de sexo oral sem prote\u00e7\u00e3o, atingindo a cavidade oral e orofaringe (am\u00edgdalas, palato e a \u00e1rea atr\u00e1s da l\u00edngua) e desenvolvendo c\u00e2ncer na regi\u00e3o. Esse tipo de c\u00e2ncer tem boa resposta aos tratamentos de quimioterapia e radioterapia, quando comparado aos causados por outros fatores.<\/li><\/ul>\n\n\n\n<p><strong>Sexo e idade <\/strong>\u2013 as<strong> <\/strong>pessoas de sexo masculino s\u00e3o mais afetadas pelo c\u00e2ncer bucal do que as pessoas de sexo feminino. O risco de desenvolver a doen\u00e7a tamb\u00e9m aumenta com a idade.<\/p>\n\n\n\n<p>Outros fatores de risco s\u00e3o a m\u00e1 higiene bucal, desnutri\u00e7\u00e3o, exposi\u00e7\u00e3o excessiva ao sol (fator agravante principalmente no c\u00e2ncer labial) e imunossupress\u00e3o.<\/p>\n\n\n\n<p><strong>\u00c9 poss\u00edvel fazer um autoexame?<\/strong><\/p>\n\n\n\n<p>Sim, \u00e9 poss\u00edvel fazer um autoexame para detectar a possibilidade de c\u00e2ncer bucal. Periodicamente, todas as pessoas podem e devem fazer uma autoavalia\u00e7\u00e3o na cavidade bucal. \u00c9 um procedimento simples, com poucos passos:<\/p>\n\n\n\n<ol class=\"wp-block-list\"><li>O exame deve ser feito em frente ao espelho, em local com boa ilumina\u00e7\u00e3o;<\/li><li>Fa\u00e7a com calma e leve o tempo que precisar;<\/li><li>Observe o seu rosto e tente perceber se h\u00e1 alguma assimetria at\u00edpica entre os dois lados;<\/li><li>Apalpe seu pesco\u00e7o, tentando perceber se h\u00e1 n\u00f3dulos;<\/li><li>Aproxime-se do espelho<\/li><li>Procure por manchas, descolora\u00e7\u00e3o, les\u00f5es ou feridas na parte interna dos l\u00e1bios, gengivas, mucosas das bochechas, l\u00edngua (embaixo e em cima), c\u00e9u da boca e fundo da garganta;<\/li><\/ol>\n\n\n\n<p>Caso perceba a exist\u00eancia de feridas nos l\u00e1bios ou na cavidade bucal, agende uma consulta com seu cirurgi\u00e3o-dentista.<\/p>\n\n\n\n<p>O autoexame \u00e9 um passo essencial no combate ao c\u00e2ncer bucal. Muita gente desconhece essa doen\u00e7a. Por isso, compartilhe esse artigo para mais pessoas. Juntos, podemos combater o c\u00e2ncer bucal!<\/p>\n\n\n\n<p>Preserve sua sa\u00fade bucal mantendo bons h\u00e1bitos de higiene e uma boa alimenta\u00e7\u00e3o. Em caso de d\u00favida, <a href=\"https:\/\/uniodontocampinas.com.br\/procure-seu-dentista\/\" rel=\"nofollow\">sempre procure seu dentista<\/a> e siga suas orienta\u00e7\u00f5es.<\/p>\n","protected":false},"excerpt":{"rendered":"<p>O Agosto Gren\u00e1 \u00e9 o m\u00eas da preven\u00e7\u00e3o do c\u00e2ncer bucal. Saiba aqui como reconhecer os principais fatores de risco e fazer o autoexame A doen\u00e7a \u00e9 simples de diagnosticar em suas fases iniciais; no entanto, evitar os principais fatores de risco e realizar o autoexame s\u00e3o essenciais para o sucesso do tratamento. Durante todo [&hellip;]<\/p>\n","protected":false},"author":1,"featured_media":10195,"comment_status":"open","ping_status":"open","sticky":false,"template":"","format":"standard","meta":{"_acf_changed":false,"inline_featured_image":false,"footnotes":""},"categories":[19],"tags":[162],"class_list":["post-10194","post","type-post","status-publish","format-standard","has-post-thumbnail","hentry","category-sobre-a-uniodonto","tag-agosto-grena"],"acf":[],"_links":{"self":[{"href":"https:\/\/www.uniodontocampinas.com.br\/site\/wp-json\/wp\/v2\/posts\/10194","targetHints":{"allow":["GET"]}}],"collection":[{"href":"https:\/\/www.uniodontocampinas.com.br\/site\/wp-json\/wp\/v2\/posts"}],"about":[{"href":"https:\/\/www.uniodontocampinas.com.br\/site\/wp-json\/wp\/v2\/types\/post"}],"author":[{"embeddable":true,"href":"https:\/\/www.uniodontocampinas.com.br\/site\/wp-json\/wp\/v2\/users\/1"}],"replies":[{"embeddable":true,"href":"https:\/\/www.uniodontocampinas.com.br\/site\/wp-json\/wp\/v2\/comments?post=10194"}],"version-history":[{"count":0,"href":"https:\/\/www.uniodontocampinas.com.br\/site\/wp-json\/wp\/v2\/posts\/10194\/revisions"}],"wp:featuredmedia":[{"embeddable":true,"href":"https:\/\/www.uniodontocampinas.com.br\/site\/wp-json\/wp\/v2\/media\/10195"}],"wp:attachment":[{"href":"https:\/\/www.uniodontocampinas.com.br\/site\/wp-json\/wp\/v2\/media?parent=10194"}],"wp:term":[{"taxonomy":"category","embeddable":true,"href":"https:\/\/www.uniodontocampinas.com.br\/site\/wp-json\/wp\/v2\/categories?post=10194"},{"taxonomy":"post_tag","embeddable":true,"href":"https:\/\/www.uniodontocampinas.com.br\/site\/wp-json\/wp\/v2\/tags?post=10194"}],"curies":[{"name":"wp","href":"https:\/\/api.w.org\/{rel}","templated":true}]}}